{"id":89097,"date":"2020-06-15T15:00:32","date_gmt":"2020-06-15T19:00:32","guid":{"rendered":"https:\/\/linitiative.ca\/International\/coronavirus-de-nouvelles-etapes-de-levee-du-confinement-dici-la-fin-de-la-semaine\/"},"modified":"2020-06-15T15:00:32","modified_gmt":"2020-06-15T19:00:32","slug":"coronavirus-de-nouvelles-etapes-de-levee-du-confinement-dici-la-fin-de-la-semaine","status":"publish","type":"post","link":"https:\/\/linitiative.ca\/International\/coronavirus-de-nouvelles-etapes-de-levee-du-confinement-dici-la-fin-de-la-semaine\/","title":{"rendered":"Coronavirus: de nouvelles \u00e9tapes de lev\u00e9e du confinement d\u2019ici la fin de la semaine"},"content":{"rendered":"<p><strong>Selon le ministre de l\u2019Int\u00e9rieur, Abdelouafi Laftit,\u00a0le Maroc entamera bient\u00f4t de nouvelles \u00e9tapes de lev\u00e9e du confinement et d\u2019assouplissement des mesures prises dans le cadre de la lutte contre la propagation de la Covid-19.\u00a0<\/strong><\/p>\n<div class=\"c10\"\/>\n<p>\u00ab D\u2019ici la fin de la semaine,\u00a0nous entrerons de <strong>nouvelles \u00e9tapes<\/strong> pour lever le <strong>confinement<\/strong> et all\u00e9ger les mesures prises pour endiguer la pand\u00e9mie\u00a0\u00bb, a assur\u00e9 le ministre lors de son intervention le 15 juin devant la Chambre des repr\u00e9sentants.\u00a0\u00a0Abdelouafi Laftit a aussi affirm\u00e9 que la lev\u00e9e du confinement ou de l\u2019\u00e9tat d\u2019urgence sanitaire ne signifie nullement l\u2019\u00e9limination du virus. \u00ab\u00a0Nous aurons \u00e0 vivre avec ce <strong>virus\u00a0<\/strong>\u00bb, a-t-il soulign\u00e9, notant que les mesures sanitaires doivent \u00eatre respect\u00e9es de tous, pour permettre de retrouver au plus vite \u00e0 une vie normale ou presque.\u00a0<\/p>\n<p><strong>Lire aussi|<a href=\"https:\/\/www.challenge.ma\/coronavirus-les-citoyens-furieux-face-a-un-deconfinement-qui-divise-144734\/\">Coronavirus : les citoyens furieux face \u00e0 un d\u00e9confinement qui divise<\/a><\/strong><\/p>\n<p>Il a, par ailleurs, affirm\u00e9 que le <strong>Fonds sp\u00e9cial<\/strong> pour la lutte contre la pand\u00e9mie du Coronavirus (Covid-19) a pour vocation de soutenir les personnes ayant perdu leur revenu, \u00e0 la suite de la propagation de la pand\u00e9mie et non pas les personnes pauvres, faisant savoir que pr\u00e8s de 6 millions de personnes ont b\u00e9n\u00e9fici\u00e9 de ces aides.<\/p>\n<p><strong>Lire aussi|<\/strong><a href=\"https:\/\/www.challenge.ma\/rapatriement-des-marocains-bloques-a-letranger-leur-retour-despagne-se-poursuit-144772\/\"><strong>Rapatriement des Marocains bloqu\u00e9s \u00e0 l\u2019\u00e9tranger : leur retour d\u2019Espagne se poursuit<\/strong><\/a><\/p>\n<p>On apprend aussi que dans le cadre du traitement des r\u00e9clamations des personnes n\u2019ayant pas b\u00e9n\u00e9fici\u00e9 des ces aides, 800.000 cas ont \u00e9t\u00e9 \u00e9tudi\u00e9s et approuv\u00e9s, en plus de 800.000 autres suppl\u00e9mentaires, s\u2019ajoutant aux 4,3 millions qui en b\u00e9n\u00e9ficiaient auparavant.\u00a0Enfin,\u00a0le ministre de l\u2019Int\u00e9rieur a \u00e9galement indiqu\u00e9 qu\u2019il est possible de transf\u00e9rer les corps pour inhumation, \u00e0 partir de lundi, d\u2019une province vers une autre, \u00e0 l\u2019exception des victimes de la Covid-19.<\/p>\n<div class=\"vw-sticky-sidebar-wrapper vw-sticky-sidebar widget_text awac-wrapper widget_text awac widget custom_html-4 textwidget custom-html-widget\">\n<p class=\"has-background c12\"><span class=\"widget-title c11\">Tribune et D\u00e9bats<\/span><\/p>\n<p>La tribune qui vous parle d\u2019une actu, d\u2019un sujet qui fait d\u00e9bat, les traitent et les analysent. \u00c9conomistes et autres experts, patrons d\u2019entreprises, d\u00e9cideurs, acteurs de la soci\u00e9t\u00e9 civile, s\u2019y prononcent et contribuent \u00e0 sa grande richesse. Vous avez votre opinion, convergente ou diff\u00e9rente. Exprimez-la et mesurez-vous ainsi \u00e0 nos tribuns et d\u00e9batteurs.<\/p>\n<p>Envoyez vos analyses \u00e0 : <a href=\"\/cdn-cgi\/l\/email-protection#f794989983969483b7949f969b9b92999092d99a96\"><span class=\"__cf_email__\" data-cfemail=\"12717d7c6673716652717a737e7e777c75773c7f73\">[email\u00a0protected]<\/span><\/a>, en pr\u00e9cisant votre nom, votre pr\u00e9nom et votre m\u00e9tier.<\/p>\n<\/div>\n<p>Auteur: challenge<br \/>\n<a href=\"https:\/\/www.challenge.ma\/coronavirus-de-nouvelles-etapes-de-levee-du-confinement-dici-la-fin-de-la-semaine-144827\/\">Cliquez ici pour lire l&rsquo;article depuis sa source.<\/a><\/p>\n","protected":false},"excerpt":{"rendered":"<p>Selon le ministre de l\u2019Int\u00e9rieur, Abdelouafi Laftit,\u00a0le Maroc entamera bient\u00f4t de nouvelles \u00e9tapes de lev\u00e9e du confinement et d\u2019assouplissement des mesures prises dans le cadre de la lutte contre la propagation de la Covid-19.\u00a0 \u00ab D\u2019ici la fin de la semaine,\u00a0nous entrerons de nouvelles \u00e9tapes pour lever le confinement et all\u00e9ger les mesures prises pour [&hellip;]<\/p>\n","protected":false},"author":1787,"featured_media":0,"comment_status":"closed","ping_status":"closed","sticky":false,"template":"","format":"standard","meta":{"fifu_image_url":"","fifu_image_alt":"","footnotes":""},"categories":[78,54],"tags":[],"class_list":["post-89097","post","type-post","status-publish","format-standard","hentry","category-economie","category-maroc"],"_links":{"self":[{"href":"https:\/\/linitiative.ca\/International\/wp-json\/wp\/v2\/posts\/89097","targetHints":{"allow":["GET"]}}],"collection":[{"href":"https:\/\/linitiative.ca\/International\/wp-json\/wp\/v2\/posts"}],"about":[{"href":"https:\/\/linitiative.ca\/International\/wp-json\/wp\/v2\/types\/post"}],"author":[{"embeddable":true,"href":"https:\/\/linitiative.ca\/International\/wp-json\/wp\/v2\/users\/1787"}],"replies":[{"embeddable":true,"href":"https:\/\/linitiative.ca\/International\/wp-json\/wp\/v2\/comments?post=89097"}],"version-history":[{"count":0,"href":"https:\/\/linitiative.ca\/International\/wp-json\/wp\/v2\/posts\/89097\/revisions"}],"wp:attachment":[{"href":"https:\/\/linitiative.ca\/International\/wp-json\/wp\/v2\/media?parent=89097"}],"wp:term":[{"taxonomy":"category","embeddable":true,"href":"https:\/\/linitiative.ca\/International\/wp-json\/wp\/v2\/categories?post=89097"},{"taxonomy":"post_tag","embeddable":true,"href":"https:\/\/linitiative.ca\/International\/wp-json\/wp\/v2\/tags?post=89097"}],"curies":[{"name":"wp","href":"https:\/\/api.w.org\/{rel}","templated":true}]}}