{"id":89098,"date":"2020-06-15T16:59:26","date_gmt":"2020-06-15T20:59:26","guid":{"rendered":"https:\/\/linitiative.ca\/International\/maroc-un-autre-etablissement-public-mis-en-liquidation-depuis-le-debut-de-la-crise-du-covid-19\/"},"modified":"2020-06-15T16:59:26","modified_gmt":"2020-06-15T20:59:26","slug":"maroc-un-autre-etablissement-public-mis-en-liquidation-depuis-le-debut-de-la-crise-du-covid-19","status":"publish","type":"post","link":"https:\/\/linitiative.ca\/International\/maroc-un-autre-etablissement-public-mis-en-liquidation-depuis-le-debut-de-la-crise-du-covid-19\/","title":{"rendered":"Maroc : un autre \u00e9tablissement public mis en liquidation depuis le d\u00e9but de la crise du Covid-19"},"content":{"rendered":"<p>Apr\u00e8s plusieurs d\u00e9cennies de laisser-aller \u00e0 l\u2019issue desquelles le nombre des entreprises publiques en instance de liquidation s\u2019est allong\u00e9 interminablement, l\u2019Etat marocain semble d\u00e9cid\u00e9 \u00e0 prendre les choses en main. Une action d\u2019autant plus louable, qu\u2019elle intervient par ces temps de crise \u00e9conomique in\u00e9dite o\u00f9 la mortalit\u00e9 des entreprises risque justement de s\u2019envoler !<\/p>\n<div class=\"c10\"\/>\n<p><strong>Lire aussi | <a href=\"https:\/\/www.challenge.ma\/coronavirus-les-citoyens-furieux-face-a-un-deconfinement-qui-divise-144734\/\">Coronavirus : les citoyens furieux face \u00e0 un d\u00e9confinement qui divise<\/a><\/strong><\/p>\n<p>Aussi, apr\u00e8s la liquidation il y a quelques semaines de SEPYK (Soci\u00e9t\u00e9 d\u2019Exploitation de Pyrrhotine de Kettara), un exploitant d\u2019une mine \u00e0 l\u2019arr\u00eat depuis 1982, c\u2019est une autre entreprise publique \u2013 proche \u00e9galement du secteur minier \u2013 qu\u2019on s\u2019appr\u00eate \u00e0 radier de l\u2019\u00ab\u00e9tat civil \u00bb des personnes morales. Il s\u2019agit de la Soci\u00e9t\u00e9 Nouvelle de R\u00e9alisations Industrielles et Commerciales (Sonoric), qui avait \u00e9t\u00e9 cr\u00e9\u00e9e en 1978 pour produire des emballages en plastique de grands calibres (dits Big-Bag) \u00e0 l\u2019usage principalement de sa maison m\u00e8re, la Soci\u00e9t\u00e9 Anonyme Ch\u00e9rifienne d\u2019Etudes Mini\u00e8res (SACEM) qui exploite plusieurs mines de mangan\u00e8se au Maroc et r\u00e9alise un chiffre d\u2019affaires de 200 millions de dirhams enti\u00e8rement \u00e0 l\u2019export. Une maison m\u00e8re \u00e0 capitaux publics, puisqu\u2019elle m\u00eame est contr\u00f4l\u00e9e \u00e0 57% par <a href=\"http:\/\/www.onhym.com\/\">l\u2019ONHYM (Office National des Hydrocarbures et des Mines)<\/a>, l\u2019op\u00e9rateur public en charge du d\u00e9veloppement, de l\u2019exploration et de l\u2019exploitation des mines au Maroc.<\/p>\n<p><strong>Lire aussi | <a href=\"https:\/\/www.challenge.ma\/deconfinement-la-zone-2-pese-pres-de-60-du-pib-national-144695\/\">D\u00e9confinement : la zone 2 p\u00e8se pr\u00e8s de 60% du PIB national<\/a><\/strong><\/p>\n<p>Apr\u00e8s quelques ann\u00e9es seulement d\u2019existence, Sonoric avait compl\u00e9t\u00e9 son business initial par la fabrication d\u2019allumettes dont le proc\u00e9d\u00e9 de fabrication utilise comme intrant le dioxyde de mangan\u00e8se\u2026.dont sa maison m\u00e8re \u00e9tait, cette fois-ci, le fournisseur. Mais \u00e0 la fin des ann\u00e9es 2000, la filiale de la SACEM \u00e0 90% a d\u00fb faire face \u00e0 une forte baisse de son activit\u00e9, ce qui a pouss\u00e9 son actionnaire public \u00e0 la mettre en liquidation pr\u00e8s de vingt ans plus tard. Rappelons que l<a href=\"https:\/\/www.finances.gov.ma\/fr\/Pages\/index.aspx\">e Minist\u00e8re de l\u2019Economie et des Finances<\/a> a annonc\u00e9 juste avant la crise du Covid-19, sa volont\u00e9 d\u2019acc\u00e9l\u00e9rer le processus de liquidation des entreprises et \u00e9tablissements publics dont certains s\u2019\u00e9ternisent dans le couloir de la mort \u00e9conomique depuis des lustres. Au total, on en comptait pr\u00e8s d\u2019une centaine d\u2019\u00e9tablissements \u00e0 fin 2019. A qui le tour ?<\/p>\n<div class=\"vw-sticky-sidebar-wrapper vw-sticky-sidebar widget_text awac-wrapper widget_text awac widget custom_html-4 textwidget custom-html-widget\">\n<p class=\"has-background c12\"><span class=\"widget-title c11\">Tribune et D\u00e9bats<\/span><\/p>\n<p>La tribune qui vous parle d\u2019une actu, d\u2019un sujet qui fait d\u00e9bat, les traitent et les analysent. \u00c9conomistes et autres experts, patrons d\u2019entreprises, d\u00e9cideurs, acteurs de la soci\u00e9t\u00e9 civile, s\u2019y prononcent et contribuent \u00e0 sa grande richesse. Vous avez votre opinion, convergente ou diff\u00e9rente. Exprimez-la et mesurez-vous ainsi \u00e0 nos tribuns et d\u00e9batteurs.<\/p>\n<p>Envoyez vos analyses \u00e0 : <a href=\"\/cdn-cgi\/l\/email-protection#a7c4c8c9d3c6c4d3e7c4cfc6cbcbc2c9c0c289cac6\"><span class=\"__cf_email__\" data-cfemail=\"64070b0a1005071024070c050808010a03014a0905\">[email\u00a0protected]<\/span><\/a>, en pr\u00e9cisant votre nom, votre pr\u00e9nom et votre m\u00e9tier.<\/p>\n<\/div>\n<p>Auteur: challenge<br \/>\n<a href=\"https:\/\/www.challenge.ma\/maroc-un-autre-etablissement-public-mis-en-liquidation-depuis-le-debut-de-la-crise-du-covid-19-144658\/\">Cliquez ici pour lire l&rsquo;article depuis sa source.<\/a><\/p>\n","protected":false},"excerpt":{"rendered":"<p>Apr\u00e8s plusieurs d\u00e9cennies de laisser-aller \u00e0 l\u2019issue desquelles le nombre des entreprises publiques en instance de liquidation s\u2019est allong\u00e9 interminablement, l\u2019Etat marocain semble d\u00e9cid\u00e9 \u00e0 prendre les choses en main. Une action d\u2019autant plus louable, qu\u2019elle intervient par ces temps de crise \u00e9conomique in\u00e9dite o\u00f9 la mortalit\u00e9 des entreprises risque justement de s\u2019envoler ! Lire [&hellip;]<\/p>\n","protected":false},"author":1787,"featured_media":0,"comment_status":"closed","ping_status":"closed","sticky":false,"template":"","format":"standard","meta":{"fifu_image_url":"","fifu_image_alt":"","footnotes":""},"categories":[78,54],"tags":[],"class_list":["post-89098","post","type-post","status-publish","format-standard","hentry","category-economie","category-maroc"],"_links":{"self":[{"href":"https:\/\/linitiative.ca\/International\/wp-json\/wp\/v2\/posts\/89098","targetHints":{"allow":["GET"]}}],"collection":[{"href":"https:\/\/linitiative.ca\/International\/wp-json\/wp\/v2\/posts"}],"about":[{"href":"https:\/\/linitiative.ca\/International\/wp-json\/wp\/v2\/types\/post"}],"author":[{"embeddable":true,"href":"https:\/\/linitiative.ca\/International\/wp-json\/wp\/v2\/users\/1787"}],"replies":[{"embeddable":true,"href":"https:\/\/linitiative.ca\/International\/wp-json\/wp\/v2\/comments?post=89098"}],"version-history":[{"count":0,"href":"https:\/\/linitiative.ca\/International\/wp-json\/wp\/v2\/posts\/89098\/revisions"}],"wp:attachment":[{"href":"https:\/\/linitiative.ca\/International\/wp-json\/wp\/v2\/media?parent=89098"}],"wp:term":[{"taxonomy":"category","embeddable":true,"href":"https:\/\/linitiative.ca\/International\/wp-json\/wp\/v2\/categories?post=89098"},{"taxonomy":"post_tag","embeddable":true,"href":"https:\/\/linitiative.ca\/International\/wp-json\/wp\/v2\/tags?post=89098"}],"curies":[{"name":"wp","href":"https:\/\/api.w.org\/{rel}","templated":true}]}}