{"id":89100,"date":"2020-06-15T16:45:37","date_gmt":"2020-06-15T20:45:37","guid":{"rendered":"https:\/\/linitiative.ca\/International\/comparution-devant-la-cpi-du-chef-de-guerre-ali-kushaybun-ex-sanguinaire-rattrape-par-son-passe\/"},"modified":"2020-06-15T16:45:37","modified_gmt":"2020-06-15T20:45:37","slug":"comparution-devant-la-cpi-du-chef-de-guerre-ali-kushaybun-ex-sanguinaire-rattrape-par-son-passe","status":"publish","type":"post","link":"https:\/\/linitiative.ca\/International\/comparution-devant-la-cpi-du-chef-de-guerre-ali-kushaybun-ex-sanguinaire-rattrape-par-son-passe\/","title":{"rendered":"COMPARUTION DEVANT LA CPI  DU CHEF DE GUERRE ALI KUSHAYB:Un ex-sanguinaire rattrap\u00e9 par son pass\u00e9?"},"content":{"rendered":"<div class=\"stream-item stream-item-above-post-content\">\n<p><noscript><\/p>\n<p><a href=\"\/\/www3.smartadserver.com\/ac?jump=1&amp;nwid=2136&amp;siteid=240610&amp;pgname=rg&amp;fmtid=49046&amp;visit=m&amp;tmstp=[timestamp]&amp;out=nonrich\" target=\"_blank\" rel=\"noopener noreferrer\"><img decoding=\"async\" src=\"http:\/\/www3.smartadserver.com\/ac?out=nonrich&amp;nwid=2136&amp;siteid=240610&amp;pgname=rg&amp;fmtid=49046&amp;visit=m&amp;tmstp=[timestamp]\" border=\"0\" alt=\"\"\/><\/a><\/p>\n<p><\/noscript><\/div>\n<p class=\"c3\">Transf\u00e9r\u00e9 \u00e0 la Haye le 9 juin dernier, l\u2019ex chef de milice du Darfour, Ali Kushayb de son vrai nom Ali Muhammad Ali Abd-Al-Rahman, a comparu hier, 15 juin, devant la Cour p\u00e9nale internationale. Cinquante chefs d\u2019inculpations dont 22 pour crimes contre l\u2019humanit\u00e9 et 28 pour crimes de guerre, pour des exactions commises en 2003 et 2004 au d\u00e9but de la guerre du Darfour, p\u00e8sent sur sa t\u00eate. Mais comme il fallait s\u2019y attendre, l\u2019homme nie en bloc ces accusations. En attendant la prochaine audience fix\u00e9e au 7 d\u00e9cembre, l\u2019on pourrait dire\u00a0 que c\u2019est un proc\u00e8s in\u00e9dit qui s\u2019ouvre ce d\u2019autant qu\u2019Ali Kushayb est le premier suspect \u00e0 compara\u00eetre devant la CPI en tant qu\u2019accus\u00e9 c\u00f4t\u00e9 gouvernement, les trois autres \u00e9tant issus des rangs des groupes arm\u00e9s qui combattaient le pouvoir de Khartoum.<\/p>\n<p class=\"c3\">Cela dit, l\u2019heure de la v\u00e9rit\u00e9 a-t-elle sonn\u00e9 pour cet ancien chef des janjawid ? Tout laisse \u00e0 croire que oui. Ce d\u2019autant qu\u2019Ali Kushayb va devoir r\u00e9pondre de ses actes puisqu\u2019il est poursuivi pour 22 chefs de crimes contre l\u2019humanit\u00e9 et 28 chefs de crimes de guerre. Cette comparution doit lui rappeler que lorsqu\u2019on s\u00e8me le vent, on r\u00e9colte, t\u00f4t ou tard, la temp\u00eate. Le moins que l\u2019on puisse dire, c\u2019est que la comparution de cet ex-rebelle \u00e0 La Haye, constitue un ouf de soulagement pour les victimes du conflit du Darfour qui aura fait plus de 300 000 morts et mis sur le chemin de l\u2019exil, trois millions de personnes. C\u2019est dire si c\u2019est une belle prise pour la CPI.<\/p>\n<p class=\"c3\"><strong>La CPI gagnerait \u00e0 organiser un proc\u00e8s p\u00e9dagogique<\/strong><\/p>\n<p class=\"c3\">Et elle devrait \u00e0 pr\u00e9sent mettre un point d\u2019honneur \u00e0 conduire ce dossier avec <em>maestria<\/em> de sorte \u00e0 ce que les victimes dont certaines portent des s\u00e9quelles \u00e0 vie, ne soient pas d\u00e9\u00e7ues. Elle a d\u2019autant plus int\u00e9r\u00eat que Jean-Pierre Bemba, cet ex-chef rebelle congolais qu\u2019elle fut finalement contrainte de relaxer, aura \u00e9t\u00e9 un cas de nature \u00e0 \u00e9corner son image. C\u2019est dire si elle devra travailler \u00e0 redorer son blason. Autant dire que la CPI n\u2019a pas droit \u00e0 l\u2019erreur. Du reste, elle se doit de savoir que malgr\u00e9 les critiques formul\u00e9es \u00e0 son encontre, elle demeure un espoir pour les plus faibles et les opprim\u00e9s et une \u00e9p\u00e9e de Damocl\u00e8s sur la t\u00eate de tous ces dictateurs et autres sanguinaires du continent qui ont peu d\u2019\u00e9gards pour la vie humaine. Le Darfour faisant toujours l\u2019objet de pr\u00e9occupations en mati\u00e8re de s\u00e9curit\u00e9, la CPI gagnerait \u00e0 organiser un proc\u00e8s p\u00e9dagogique. Elle doit travailler \u00e0 dissuader tous ces rebelles qui s\u00e8ment la d\u00e9solation et la mort en Centrafrique, au Darfour et dans bien d\u2019autres contr\u00e9es du continent. C\u2019est en cela qu\u2019elle contribuera \u00e0 la construction de la paix sur le continent.<\/p>\n<p class=\"c3\"><strong>\u00a0<\/strong><\/p>\n<p class=\"c3\"><strong>DZ<\/strong><\/p>\n<p class=\"c3\"><strong>\u00a0<\/strong><\/p>\n<p class=\"c3\"><strong>\u00a0<\/strong><\/p>\n<p class=\"c3\"><strong>\u00a0<\/strong><\/p>\n<p>Auteur: Le Pays<br \/>\n<a href=\"http:\/\/lepays.bf\/comparution-devant-la-cpi-du-chef-de-guerre-ali-kushaybun-ex-sanguinaire-rattrape-par-son-passe\/\">Cliquez ici pour lire l&rsquo;article depuis sa source.<\/a><\/p>\n","protected":false},"excerpt":{"rendered":"<p>Transf\u00e9r\u00e9 \u00e0 la Haye le 9 juin dernier, l\u2019ex chef de milice du Darfour, Ali Kushayb de son vrai nom Ali Muhammad Ali Abd-Al-Rahman, a comparu hier, 15 juin, devant la Cour p\u00e9nale internationale. Cinquante chefs d\u2019inculpations dont 22 pour crimes contre l\u2019humanit\u00e9 et 28 pour crimes de guerre, pour des exactions commises en 2003 [&hellip;]<\/p>\n","protected":false},"author":1813,"featured_media":0,"comment_status":"closed","ping_status":"closed","sticky":false,"template":"","format":"standard","meta":{"fifu_image_url":"","fifu_image_alt":"","footnotes":""},"categories":[73,81],"tags":[],"class_list":["post-89100","post","type-post","status-publish","format-standard","hentry","category-actualite","category-burkina-faso"],"_links":{"self":[{"href":"https:\/\/linitiative.ca\/International\/wp-json\/wp\/v2\/posts\/89100","targetHints":{"allow":["GET"]}}],"collection":[{"href":"https:\/\/linitiative.ca\/International\/wp-json\/wp\/v2\/posts"}],"about":[{"href":"https:\/\/linitiative.ca\/International\/wp-json\/wp\/v2\/types\/post"}],"author":[{"embeddable":true,"href":"https:\/\/linitiative.ca\/International\/wp-json\/wp\/v2\/users\/1813"}],"replies":[{"embeddable":true,"href":"https:\/\/linitiative.ca\/International\/wp-json\/wp\/v2\/comments?post=89100"}],"version-history":[{"count":0,"href":"https:\/\/linitiative.ca\/International\/wp-json\/wp\/v2\/posts\/89100\/revisions"}],"wp:attachment":[{"href":"https:\/\/linitiative.ca\/International\/wp-json\/wp\/v2\/media?parent=89100"}],"wp:term":[{"taxonomy":"category","embeddable":true,"href":"https:\/\/linitiative.ca\/International\/wp-json\/wp\/v2\/categories?post=89100"},{"taxonomy":"post_tag","embeddable":true,"href":"https:\/\/linitiative.ca\/International\/wp-json\/wp\/v2\/tags?post=89100"}],"curies":[{"name":"wp","href":"https:\/\/api.w.org\/{rel}","templated":true}]}}