{"id":89101,"date":"2020-06-15T16:56:16","date_gmt":"2020-06-15T20:56:16","guid":{"rendered":"https:\/\/linitiative.ca\/International\/disparition-de-soldats-au-malicomment-arreter-lhydre-terroriste\/"},"modified":"2020-06-15T16:56:16","modified_gmt":"2020-06-15T20:56:16","slug":"disparition-de-soldats-au-malicomment-arreter-lhydre-terroriste","status":"publish","type":"post","link":"https:\/\/linitiative.ca\/International\/disparition-de-soldats-au-malicomment-arreter-lhydre-terroriste\/","title":{"rendered":"DISPARITION DE SOLDATS AU MALI:Comment arr\u00eater l\u2019hydre terroriste?"},"content":{"rendered":"<div class=\"featured-area featured-area-inner\"><img loading=\"lazy\" decoding=\"async\" width=\"780\" height=\"450\" src=\"http:\/\/lepays.bf\/wp-content\/uploads\/2020\/06\/f270804bfef2c37a5764efabb87624ae-780x450.jpg\" class=\"attachment-jannah-image-post size-jannah-image-post wp-post-image\" alt=\"\"\/> Photo d&rsquo;illustration<\/div>\n<div class=\"entry-content entry clearfix\" readability=\"67\">\n<div class=\"stream-item stream-item-above-post-content\">\n<p><noscript><\/p>\n<p><a href=\"\/\/www3.smartadserver.com\/ac?jump=1&amp;nwid=2136&amp;siteid=240610&amp;pgname=rg&amp;fmtid=49046&amp;visit=m&amp;tmstp=[timestamp]&amp;out=nonrich\" target=\"_blank\" rel=\"noopener noreferrer\"><img decoding=\"async\" src=\"http:\/\/www3.smartadserver.com\/ac?out=nonrich&amp;nwid=2136&amp;siteid=240610&amp;pgname=rg&amp;fmtid=49046&amp;visit=m&amp;tmstp=[timestamp]\" border=\"0\" alt=\"\"\/><\/a><\/p>\n<p><\/noscript><\/div>\n<p class=\"c3\">L\u2019arm\u00e9e malienne a encore \u00e9t\u00e9 frapp\u00e9e le 14 juin dernier. Selon un communiqu\u00e9 officiel, douze v\u00e9hicules pick-up des FAMA du camp de Goma Coura en patrouille, ont \u00e9t\u00e9 la cible d\u2019une attaque au Nord de Bamako pr\u00e8s de Diabaly vers la fronti\u00e8re mauritanienne. Une quarantaine de soldats sont port\u00e9s disparus. Y-a-t-il vraiment un espoir de retrouver ces soldats sains et saufs ? On croise les doigts. En attendant que Dieu leur vienne en aide, l\u2019on ne peut s\u2019emp\u00eacher de se poser la question suivante\u00a0: comment arr\u00eater l\u2019hydre terroriste? Car, malgr\u00e9 la pr\u00e9sence de la MINUSMA et de Barkhane, \u00a0l\u2019arm\u00e9e malienne continue de payer un lourd tribut \u00e0 cette crise s\u00e9curitaire et Dieu seul sait quand s\u2019arr\u00eatera ce d\u00e9compte macabre. A travers cette \u00e9ni\u00e8me embuscade, les terroristes montrent que m\u00eame apr\u00e8s l\u2019\u00e9limination de l\u2019un de leurs leaders, en la personne d\u2019Abdelmalek Droukdel, ils peuvent toujours faire mal. C\u2019est d\u2019autant plus vrai que la n\u00e9buleuse semble avoir \u00e9tendu ses tentacules au-del\u00e0 des fronti\u00e8res du Sahel puisque des pays comme la C\u00f4te d\u2019Ivoire et le B\u00e9nin qui \u00e9taient plus ou moins \u00e9pargn\u00e9s, sont eux aussi aujourd\u2019hui frapp\u00e9s. C\u2019est \u00e0 croire que tous les efforts des cinq pays du G5 Sahel n\u2019auront pas terrass\u00e9 la b\u00eate immonde. En tout cas, malgr\u00e9 la multiplication des rencontres et du nombre des partenaires, force est de constater que le Sahel reste un chaudron.<\/p>\n<p class=\"c3\"><strong>Il faudra peut-\u00eatre repenser la strat\u00e9gie globale de lutte<\/strong><\/p>\n<p class=\"c3\">\u00a0Et tout porte \u00e0 croire que ce n\u2019est pas demain la veille que les terroristes arr\u00eateront le massacre. Il urge donc pour les arm\u00e9es du Sahel, de mutualiser davantage leurs efforts et surtout les renseignements afin de traquer plus efficacement ces ing\u00e9nieurs du mal qui se moquent \u00e9perdument des fronti\u00e8res. Toujours est-il que si ce n\u2019est pas l\u2019arm\u00e9e malienne qui est victime d\u2019attaques terroristes, c\u2019est celles du Burkina ou du Niger qui en prennent plein la figure. Cela dit, si les pays du Sahel veulent r\u00e9duire cons\u00e9quemment la voilure de la vermine, il leur faudra peut-\u00eatre repenser la strat\u00e9gie globale de lutte.<\/p>\n<p class=\"c3\">De toute \u00e9vidence, la disparition de ces quarante soldats est une tr\u00e8s mauvaise nouvelle. C\u2019est peu dire que le pr\u00e9sident Ibrahim Boubacar Keita a du pain sur la planche. Ce d\u2019autant qu\u2019il est entre trois feux\u00a0: le terrorisme, le Covid-19 et la col\u00e8re des partisans de l\u2019imam Mahmoud Dicko. C\u2019est dommage que le Mali soit devenu aujourd\u2019hui un pand\u00e9monium. Et comme pour ne rien arranger, la nouvelle de cette attaque intervient au lendemain du discours du chef de l\u2019Etat qui dit avoir compris ses compatriotes. En tout cas, on est fond\u00e9 \u00e0 croire que tant qu\u2019IBK ne changera pas son fusil d\u2019\u00e9paule, les Maliens continueront de vivre sous la terreur des terroristes. Et l\u2019on ne peut pas gagner une guerre contre des terroristes dans un pays o\u00f9 la corruption le dispute au n\u00e9potisme.<\/p>\n<p class=\"c3\"><strong>Dabadi ZOUMBARA \u00a0\u00a0\u00a0<\/strong><\/p>\n<p class=\"c3\"><strong>\u00a0<\/strong><\/p>\n<p class=\"c3\"><strong>\u00a0\u00a0\u00a0<\/strong><\/p>\n<\/div>\n<p>Auteur: Le Pays<br \/>\n<a href=\"http:\/\/lepays.bf\/disparition-de-soldats-au-malicomment-arreter-lhydre-terroriste\/\">Cliquez ici pour lire l&rsquo;article depuis sa source.<\/a><\/p>\n","protected":false},"excerpt":{"rendered":"<p>Photo d&rsquo;illustration L\u2019arm\u00e9e malienne a encore \u00e9t\u00e9 frapp\u00e9e le 14 juin dernier. Selon un communiqu\u00e9 officiel, douze v\u00e9hicules pick-up des FAMA du camp de Goma Coura en patrouille, ont \u00e9t\u00e9 la cible d\u2019une attaque au Nord de Bamako pr\u00e8s de Diabaly vers la fronti\u00e8re mauritanienne. Une quarantaine de soldats sont port\u00e9s disparus. Y-a-t-il vraiment un [&hellip;]<\/p>\n","protected":false},"author":1813,"featured_media":89102,"comment_status":"closed","ping_status":"closed","sticky":false,"template":"","format":"standard","meta":{"fifu_image_url":"","fifu_image_alt":"","footnotes":""},"categories":[73,81],"tags":[],"class_list":["post-89101","post","type-post","status-publish","format-standard","has-post-thumbnail","hentry","category-actualite","category-burkina-faso"],"_links":{"self":[{"href":"https:\/\/linitiative.ca\/International\/wp-json\/wp\/v2\/posts\/89101","targetHints":{"allow":["GET"]}}],"collection":[{"href":"https:\/\/linitiative.ca\/International\/wp-json\/wp\/v2\/posts"}],"about":[{"href":"https:\/\/linitiative.ca\/International\/wp-json\/wp\/v2\/types\/post"}],"author":[{"embeddable":true,"href":"https:\/\/linitiative.ca\/International\/wp-json\/wp\/v2\/users\/1813"}],"replies":[{"embeddable":true,"href":"https:\/\/linitiative.ca\/International\/wp-json\/wp\/v2\/comments?post=89101"}],"version-history":[{"count":0,"href":"https:\/\/linitiative.ca\/International\/wp-json\/wp\/v2\/posts\/89101\/revisions"}],"wp:featuredmedia":[{"embeddable":true,"href":"https:\/\/linitiative.ca\/International\/wp-json\/"}],"wp:attachment":[{"href":"https:\/\/linitiative.ca\/International\/wp-json\/wp\/v2\/media?parent=89101"}],"wp:term":[{"taxonomy":"category","embeddable":true,"href":"https:\/\/linitiative.ca\/International\/wp-json\/wp\/v2\/categories?post=89101"},{"taxonomy":"post_tag","embeddable":true,"href":"https:\/\/linitiative.ca\/International\/wp-json\/wp\/v2\/tags?post=89101"}],"curies":[{"name":"wp","href":"https:\/\/api.w.org\/{rel}","templated":true}]}}