{"id":89105,"date":"2020-06-15T09:42:59","date_gmt":"2020-06-15T13:42:59","guid":{"rendered":"https:\/\/linitiative.ca\/International\/23e-nuit-des-galian-rendez-vous-le-16-octobre\/"},"modified":"2020-06-15T09:42:59","modified_gmt":"2020-06-15T13:42:59","slug":"23e-nuit-des-galian-rendez-vous-le-16-octobre","status":"publish","type":"post","link":"https:\/\/linitiative.ca\/International\/23e-nuit-des-galian-rendez-vous-le-16-octobre\/","title":{"rendered":"23e Nuit des Galian : Rendez-vous le 16 octobre"},"content":{"rendered":"<div class=\"td-post-featured-image\"><a href=\"https:\/\/www.sidwaya.info\/wp-content\/uploads\/2020\/06\/GALIAN-SPECIAUX.jpg\" data-caption=\"\"><img loading=\"lazy\" decoding=\"async\" width=\"305\" height=\"282\" class=\"entry-thumb td-modal-image\" src=\"https:\/\/www.sidwaya.info\/wp-content\/uploads\/2020\/06\/GALIAN-SPECIAUX.jpg\" srcset=\"https:\/\/www.sidwaya.info\/wp-content\/uploads\/2020\/06\/GALIAN-SPECIAUX.jpg 305w, https:\/\/www.sidwaya.info\/wp-content\/uploads\/2020\/06\/GALIAN-SPECIAUX-300x277.jpg 300w\" sizes=\"auto, (max-width: 305px) 100vw, 305px\" alt=\"\" title=\"GALIAN SPECIAUX\"\/><\/a><\/div>\n<p>La 23e Nuit des Galian \u00a0se tiendra, le 16 octobre 2020, \u00e0 Ouagadougou. Initialement pr\u00e9vue en mai 2020, la Nuit des Galian 2020 a finalement \u00e9t\u00e9 renvoy\u00e9e \u00e0 cette date, en raison de la maladie \u00e0 Coronavirus. \u00a0Le processus de d\u00e9signation des laur\u00e9ats s\u2019est achev\u00e9, les diff\u00e9rents jurys ont examin\u00e9 les \u0153uvres r\u00e9ceptionn\u00e9es, du 10 f\u00e9vrier au 13 mars 2020.<\/p>\n<p>La c\u00e9r\u00e9monie se d\u00e9roulera, dans le strict respect des mesures barri\u00e8res et sanitaires, \u00e9dict\u00e9e par le gouvernement, afin de briser la chaine de transmission de la maladie \u00e0 Coronavirus.<\/p>\n<p>Nous saisissons l\u2019occasion pour remercier l\u2019ensemble de nos partenaires (Institutions publiques, ONG, acteurs du secteur priv\u00e9) pour leurs constantes contributions \u00e0 la r\u00e9ussite du concours Prix Galian, \u00e0 travers l\u2019octroi de prix sp\u00e9ciaux.<\/p>\n<div class=\"td-a-rec td-a-rec-id-content_inline tdi_30_d7e td_block_template_1\"><img loading=\"lazy\" decoding=\"async\" class=\"aligncenter size-full wp-image-21314\" src=\"https:\/\/www.sidwaya.info\/wp-content\/uploads\/2020\/04\/Bandeau-Covid-19-Sidwaya-1.jpg\" alt=\"\" width=\"790\" height=\"98\"\/><\/div>\n<p>Pour rappel, le concours Prix Galian a \u00e9t\u00e9 institu\u00e9, en 1997, par le minist\u00e8re en charge de l\u2019Information et de la Communication. Il vise \u00e0 promouvoir les diff\u00e9rents corps de m\u00e9tier de la presse \u00e9crite, audiovisuelle et en ligne. L\u2019objectif strat\u00e9gique est de cr\u00e9er une saine \u00e9mulation entre les professionnels des m\u00e9dias et de la communication et de parvenir \u00e0 des productions r\u00e9pondant aux exigences professionnelles.<\/p>\n<p><strong>Pour toute information compl\u00e9mentaire, prendre attache avec la direction g\u00e9n\u00e9rale des M\u00e9dias, sise \u00e0 Ouaga 2000, dans l\u2019enceinte de l\u2019immeuble du Service d\u2019Information du Gouvernement (SIG), route de P\u00f4, non loin du camp G\u00e9n\u00e9ral Baba Sy. T\u00e9l. : 70 69 08 70\/76 90 08 85\/79 61 64 04. E-mail :dgm.mcrp@communication.gov.bf<\/strong> <a href=\"mailto:\/dgmbf16@gmail.com\"><strong>\/dgmbf16@gmail.com<\/strong><\/a><\/p>\n<p>DCPM\/Minist\u00e8re de la Communication<\/p>\n<p>et des relations avec le Parlement<\/p>\n<div class=\"td-a-rec td-a-rec-id-content_bottom tdi_31_b7e td_block_template_1\"><img loading=\"lazy\" decoding=\"async\" class=\"aligncenter size-full wp-image-22415\" src=\"https:\/\/www.sidwaya.info\/wp-content\/uploads\/2020\/05\/Bandeau-paiement-mobile-site.png\" alt=\"\" width=\"728\" height=\"90\"\/><\/div>\n<p>Auteur: Wamini SIDWAYA<br \/>\n<a href=\"https:\/\/www.sidwaya.info\/blog\/2020\/06\/15\/23e-nuit-des-galian-rendez-vous-le-16-octobre\/\">Cliquez ici pour lire l&rsquo;article depuis sa source.<\/a><\/p>\n","protected":false},"excerpt":{"rendered":"<p>La 23e Nuit des Galian \u00a0se tiendra, le 16 octobre 2020, \u00e0 Ouagadougou. Initialement pr\u00e9vue en mai 2020, la Nuit des Galian 2020 a finalement \u00e9t\u00e9 renvoy\u00e9e \u00e0 cette date, en raison de la maladie \u00e0 Coronavirus. \u00a0Le processus de d\u00e9signation des laur\u00e9ats s\u2019est achev\u00e9, les diff\u00e9rents jurys ont examin\u00e9 les \u0153uvres r\u00e9ceptionn\u00e9es, du 10 [&hellip;]<\/p>\n","protected":false},"author":1816,"featured_media":89106,"comment_status":"closed","ping_status":"closed","sticky":false,"template":"","format":"standard","meta":{"fifu_image_url":"","fifu_image_alt":"","footnotes":""},"categories":[73,81],"tags":[],"class_list":["post-89105","post","type-post","status-publish","format-standard","has-post-thumbnail","hentry","category-actualite","category-burkina-faso"],"_links":{"self":[{"href":"https:\/\/linitiative.ca\/International\/wp-json\/wp\/v2\/posts\/89105","targetHints":{"allow":["GET"]}}],"collection":[{"href":"https:\/\/linitiative.ca\/International\/wp-json\/wp\/v2\/posts"}],"about":[{"href":"https:\/\/linitiative.ca\/International\/wp-json\/wp\/v2\/types\/post"}],"author":[{"embeddable":true,"href":"https:\/\/linitiative.ca\/International\/wp-json\/wp\/v2\/users\/1816"}],"replies":[{"embeddable":true,"href":"https:\/\/linitiative.ca\/International\/wp-json\/wp\/v2\/comments?post=89105"}],"version-history":[{"count":0,"href":"https:\/\/linitiative.ca\/International\/wp-json\/wp\/v2\/posts\/89105\/revisions"}],"wp:featuredmedia":[{"embeddable":true,"href":"https:\/\/linitiative.ca\/International\/wp-json\/"}],"wp:attachment":[{"href":"https:\/\/linitiative.ca\/International\/wp-json\/wp\/v2\/media?parent=89105"}],"wp:term":[{"taxonomy":"category","embeddable":true,"href":"https:\/\/linitiative.ca\/International\/wp-json\/wp\/v2\/categories?post=89105"},{"taxonomy":"post_tag","embeddable":true,"href":"https:\/\/linitiative.ca\/International\/wp-json\/wp\/v2\/tags?post=89105"}],"curies":[{"name":"wp","href":"https:\/\/api.w.org\/{rel}","templated":true}]}}