{"id":89107,"date":"2020-06-15T14:20:04","date_gmt":"2020-06-15T18:20:04","guid":{"rendered":"https:\/\/linitiative.ca\/International\/covid-19-au-burkina-faso-00-nouveau-cas-confirme-03-nouvelles-guerisons-et-34-actifs\/"},"modified":"2020-06-15T14:20:04","modified_gmt":"2020-06-15T18:20:04","slug":"covid-19-au-burkina-faso-00-nouveau-cas-confirme-03-nouvelles-guerisons-et-34-actifs","status":"publish","type":"post","link":"https:\/\/linitiative.ca\/International\/covid-19-au-burkina-faso-00-nouveau-cas-confirme-03-nouvelles-guerisons-et-34-actifs\/","title":{"rendered":"COVID-19 au Burkina Faso: 00 nouveau cas confirm\u00e9, 03 nouvelles gu\u00e9risons et 34 actifs\u00a0"},"content":{"rendered":"<p>A la date du 13 juin 2020, la situation de la maladie \u00e0 Coronavirus au Burkina Faso se pr\u00e9sente comme suit :<\/p>\n<p>142 \u00e9chantillons analys\u00e9s, r\u00e9partis en :<\/p>\n<p>\u2013 10tests d\u2019agents de sant\u00e9 ;<\/p>\n<div class=\"td-a-rec td-a-rec-id-content_inline tdi_30_455 td_block_template_1\"><img loading=\"lazy\" decoding=\"async\" class=\"aligncenter size-full wp-image-21314\" src=\"https:\/\/www.sidwaya.info\/wp-content\/uploads\/2020\/04\/Bandeau-Covid-19-Sidwaya-1.jpg\" alt=\"\" width=\"790\" height=\"98\"\/><\/div>\n<p>\u2013 119 tests de voyageurs ;<\/p>\n<p>\u2013 07 tests de cas suspects ;<\/p>\n<p>\u2013 06 tests de contr\u00f4les.<\/p>\n<p>Nombre de nouveaux cas confirm\u00e9s : 00 ;<\/p>\n<p>Nombre de gu\u00e9risons : 03, portant \u00e0 807, le total des gu\u00e9risons ;<\/p>\n<p>Nombre de d\u00e9c\u00e8s : 00, total des d\u00e9c\u00e8s 53 ;<\/p>\n<p>Nombre de cas actifs : 34 ;<\/p>\n<p>Nombre de cas confirm\u00e9s depuis le 09 mars 2020 : 894 dont 324 femmes et 570 hommes.<\/p>\n<p>Communiqu\u00e9<\/p>\n<p><img loading=\"lazy\" decoding=\"async\" class=\"alignleft size-full wp-image-23284\" src=\"https:\/\/www.sidwaya.info\/wp-content\/uploads\/2020\/06\/104108474_1216210178722023_1543474574968590512_o.jpg\" alt=\"\" width=\"678\" height=\"960\" srcset=\"https:\/\/www.sidwaya.info\/wp-content\/uploads\/2020\/06\/104108474_1216210178722023_1543474574968590512_o.jpg 678w, https:\/\/www.sidwaya.info\/wp-content\/uploads\/2020\/06\/104108474_1216210178722023_1543474574968590512_o-212x300.jpg 212w, https:\/\/www.sidwaya.info\/wp-content\/uploads\/2020\/06\/104108474_1216210178722023_1543474574968590512_o-297x420.jpg 297w\" sizes=\"auto, (max-width: 678px) 100vw, 678px\"\/><\/p>\n<p>Auteur: BS. Sidwaya<br \/>\n<a href=\"https:\/\/www.sidwaya.info\/blog\/2020\/06\/15\/covid-19-au-burkina-faso-00-nouveaux-cas-confirmes-03-nouvelles-guerisons-et-34-actifs\/\">Cliquez ici pour lire l&rsquo;article depuis sa source.<\/a><\/p>\n","protected":false},"excerpt":{"rendered":"<p>A la date du 13 juin 2020, la situation de la maladie \u00e0 Coronavirus au Burkina Faso se pr\u00e9sente comme suit : 142 \u00e9chantillons analys\u00e9s, r\u00e9partis en : \u2013 10tests d\u2019agents de sant\u00e9 ; \u2013 119 tests de voyageurs ; \u2013 07 tests de cas suspects ; \u2013 06 tests de contr\u00f4les. Nombre de nouveaux [&hellip;]<\/p>\n","protected":false},"author":1816,"featured_media":89108,"comment_status":"closed","ping_status":"closed","sticky":false,"template":"","format":"standard","meta":{"fifu_image_url":"","fifu_image_alt":"","footnotes":""},"categories":[73,81],"tags":[],"class_list":["post-89107","post","type-post","status-publish","format-standard","has-post-thumbnail","hentry","category-actualite","category-burkina-faso"],"_links":{"self":[{"href":"https:\/\/linitiative.ca\/International\/wp-json\/wp\/v2\/posts\/89107","targetHints":{"allow":["GET"]}}],"collection":[{"href":"https:\/\/linitiative.ca\/International\/wp-json\/wp\/v2\/posts"}],"about":[{"href":"https:\/\/linitiative.ca\/International\/wp-json\/wp\/v2\/types\/post"}],"author":[{"embeddable":true,"href":"https:\/\/linitiative.ca\/International\/wp-json\/wp\/v2\/users\/1816"}],"replies":[{"embeddable":true,"href":"https:\/\/linitiative.ca\/International\/wp-json\/wp\/v2\/comments?post=89107"}],"version-history":[{"count":0,"href":"https:\/\/linitiative.ca\/International\/wp-json\/wp\/v2\/posts\/89107\/revisions"}],"wp:featuredmedia":[{"embeddable":true,"href":"https:\/\/linitiative.ca\/International\/wp-json\/"}],"wp:attachment":[{"href":"https:\/\/linitiative.ca\/International\/wp-json\/wp\/v2\/media?parent=89107"}],"wp:term":[{"taxonomy":"category","embeddable":true,"href":"https:\/\/linitiative.ca\/International\/wp-json\/wp\/v2\/categories?post=89107"},{"taxonomy":"post_tag","embeddable":true,"href":"https:\/\/linitiative.ca\/International\/wp-json\/wp\/v2\/tags?post=89107"}],"curies":[{"name":"wp","href":"https:\/\/api.w.org\/{rel}","templated":true}]}}