{"id":89111,"date":"2020-06-15T14:18:08","date_gmt":"2020-06-15T18:18:08","guid":{"rendered":"https:\/\/linitiative.ca\/International\/des-cumuls-pluviometriques-superieurs-a-ceux-de-la-normale-enregistres-a-abidjan\/"},"modified":"2020-06-15T14:18:08","modified_gmt":"2020-06-15T18:18:08","slug":"des-cumuls-pluviometriques-superieurs-a-ceux-de-la-normale-enregistres-a-abidjan","status":"publish","type":"post","link":"https:\/\/linitiative.ca\/International\/des-cumuls-pluviometriques-superieurs-a-ceux-de-la-normale-enregistres-a-abidjan\/","title":{"rendered":"Des cumuls pluviom\u00e9triques \u00absup\u00e9rieurs \u00e0 ceux de la normale\u00bb  enregistr\u00e9s \u00e0 Abidjan"},"content":{"rendered":"<div readability=\"32\">\n<p>Publi\u00e9 le 15.06.2020 \u00e0 19h18 par APA News<\/p>\n<\/div>\n<div readability=\"59\">\n<p>Sur la p\u00e9riode du 12 au 15 juin 2020, des cumuls pluviom\u00e9triques \u00ab sup\u00e9rieurs \u00e0 ceux de la normale de la m\u00eame p\u00e9riode\u00bb ont \u00e9t\u00e9 enregistr\u00e9s dans toutes les communes du district d\u2019Abidjan, a appris APA lundi de source officielle.\u00a0L\u2019information a \u00e9t\u00e9 donn\u00e9e par la Soci\u00e9t\u00e9 d\u2019exploitation et de d\u00e9veloppement a\u00e9roportuaire, a\u00e9ronautique et m\u00e9t\u00e9orologique (SODEXAM) dans un document d\u00e9nomm\u00e9 \u00ab Analyse fr\u00e9quentielle des hauteurs de pluie journali\u00e8re dans le district d\u2019Abidjan du 12 au 15 juin 2020 \u00e0 08h00 \u00bb.<\/p>\n<p>\u00ab Les communes de Bingerville et Koumassi ont enregistr\u00e9 les plus forts \u00e9carts avec plus de 230%. Les quantit\u00e9s de pluie enregistr\u00e9es dans les communes de Bingerville et Koumassi du 12 au 15 juin 2020 sont exceptionnelles. Les p\u00e9riodes de retour pour la quantit\u00e9 de pluie de Bingerville est de 85 ans tandis que celle de Koumassi est de 45 ans\u00bb, rapporte la SODEXAM dans ce document.<\/p>\n<p>Expliquant cette situation exceptionnelle dans ces deux communes, \u00a0la m\u00e9t\u00e9o a indiqu\u00e9 que la comparaison des hauteurs de pluie du 12 au 15 juin 2020 \u00e0 au niveau des postes pluviom\u00e9triques du district d\u2019Abidjan avec les donn\u00e9es historiques de pluie maximale journali\u00e8re enregistr\u00e9e \u00e0 la station Synoptique d\u2019Abidjan a\u00e9roport sur la p\u00e9riode 1936-2019 (soit 84 ann\u00e9es) permet de conclure que les quantit\u00e9s de pluie enregistr\u00e9es dans les communes de Bingerville et Koumassi du 12 au 15 juin 2020 sont exceptionnelles.<\/p>\n<p>\u00ab Les hauteurs de pluie des autres communes ne sont pas exceptionnelles car leurs dur\u00e9es de retour sont relativement faibles\u00bb, pr\u00e9cise par ailleurs, le document.<\/p>\n<p>\u00a0La capitale \u00e9conomique ivoirienne est arros\u00e9e depuis quelques par de fortes pr\u00e9cipitations qui ont fait au moins un mort et plusieurs bless\u00e9s avec des quartiers inond\u00e9s. Un immeuble de trois \u00e9tages s\u2019est \u00e9galement effondr\u00e9 \u00e0 Abatta Village dans l\u2019Est d\u2019Abidjan.<\/p>\n<\/div>\n<p>Auteur: APA News<br \/>\n<a href=\"https:\/\/www.journalducameroun.com\/des-cumuls-pluviometriques-superieurs-a-ceux-de-la-normale-enregistres-a-abidjan\/\">Cliquez ici pour lire l&rsquo;article depuis sa source.<\/a><\/p>\n","protected":false},"excerpt":{"rendered":"<p>Publi\u00e9 le 15.06.2020 \u00e0 19h18 par APA News Sur la p\u00e9riode du 12 au 15 juin 2020, des cumuls pluviom\u00e9triques \u00ab sup\u00e9rieurs \u00e0 ceux de la normale de la m\u00eame p\u00e9riode\u00bb ont \u00e9t\u00e9 enregistr\u00e9s dans toutes les communes du district d\u2019Abidjan, a appris APA lundi de source officielle.\u00a0L\u2019information a \u00e9t\u00e9 donn\u00e9e par la Soci\u00e9t\u00e9 d\u2019exploitation [&hellip;]<\/p>\n","protected":false},"author":1965,"featured_media":0,"comment_status":"closed","ping_status":"closed","sticky":false,"template":"","format":"standard","meta":{"fifu_image_url":"","fifu_image_alt":"","footnotes":""},"categories":[73,82],"tags":[],"class_list":["post-89111","post","type-post","status-publish","format-standard","hentry","category-actualite","category-cameroun"],"_links":{"self":[{"href":"https:\/\/linitiative.ca\/International\/wp-json\/wp\/v2\/posts\/89111","targetHints":{"allow":["GET"]}}],"collection":[{"href":"https:\/\/linitiative.ca\/International\/wp-json\/wp\/v2\/posts"}],"about":[{"href":"https:\/\/linitiative.ca\/International\/wp-json\/wp\/v2\/types\/post"}],"author":[{"embeddable":true,"href":"https:\/\/linitiative.ca\/International\/wp-json\/wp\/v2\/users\/1965"}],"replies":[{"embeddable":true,"href":"https:\/\/linitiative.ca\/International\/wp-json\/wp\/v2\/comments?post=89111"}],"version-history":[{"count":0,"href":"https:\/\/linitiative.ca\/International\/wp-json\/wp\/v2\/posts\/89111\/revisions"}],"wp:attachment":[{"href":"https:\/\/linitiative.ca\/International\/wp-json\/wp\/v2\/media?parent=89111"}],"wp:term":[{"taxonomy":"category","embeddable":true,"href":"https:\/\/linitiative.ca\/International\/wp-json\/wp\/v2\/categories?post=89111"},{"taxonomy":"post_tag","embeddable":true,"href":"https:\/\/linitiative.ca\/International\/wp-json\/wp\/v2\/tags?post=89111"}],"curies":[{"name":"wp","href":"https:\/\/api.w.org\/{rel}","templated":true}]}}