{"id":89112,"date":"2020-06-15T15:18:05","date_gmt":"2020-06-15T19:18:05","guid":{"rendered":"https:\/\/linitiative.ca\/International\/guinee-le-fndc-appelle-a-une-nouvelle-manifestation\/"},"modified":"2020-06-15T15:18:05","modified_gmt":"2020-06-15T19:18:05","slug":"guinee-le-fndc-appelle-a-une-nouvelle-manifestation","status":"publish","type":"post","link":"https:\/\/linitiative.ca\/International\/guinee-le-fndc-appelle-a-une-nouvelle-manifestation\/","title":{"rendered":"Guin\u00e9e : le FNDC appelle \u00e0 une nouvelle manifestation"},"content":{"rendered":"<div readability=\"32\">\n<p>Publi\u00e9 le 15.06.2020 \u00e0 20h18 par APA News<\/p>\n<\/div>\n<div readability=\"62\">\n<p>Le Front national pour la d\u00e9fense de la Constitution (FNDC), dans un communiqu\u00e9 parvenu ce lundi \u00e0 APA, appelle les habitants de Conakry, la capitale, \u00e0 une nouvelle marche pacifique le 08 juillet prochain pour \u00ab la libert\u00e9 et l\u2019alternance d\u00e9mocratique \u00bb en Guin\u00e9e.La tr\u00eave observ\u00e9e jusque-l\u00e0, \u00e0 cause du coronavirus, par les opposants \u00e0 un \u00e9ventuel troisi\u00e8me mandat du pr\u00e9sident Alpha Cond\u00e9 va ainsi \u00eatre rompue. Le FNDC d\u00e9nonce en effet \u00ab le cynisme \u00bb du pouvoir qui aurait profit\u00e9 de l\u2019arr\u00eat des manifestations \u00ab pour kidnapper et s\u00e9questrer ses opposants, acc\u00e9l\u00e9rer le d\u00e9roulement de son agenda politique de coup d\u2019\u00c9tat et de destruction des fondements de la R\u00e9publique \u00bb. \u00a0<\/p>\n<p>Partant de constat, le mouvement citoyen estime donc que \u00ab\u00a0Le moment est venu pour les patriotes de se remobiliser pour sauver la nation et le peu de valeurs morales qui nous restent\u00a0\u00bb.<\/p>\n<p>Cette marche pacifique, souligne la note, \u00ab\u00a0vise \u00e0 d\u00e9noncer\u00a0l\u2019instrumentalisation de la crise sanitaire pour intensifier les violations graves des droits de l\u2019Homme, exiger la lib\u00e9ration imm\u00e9diate des centaines de militants et sympathisants du FNDC kidnapp\u00e9s \u00e0 travers le pays et rappeler \u00e0 M.Alpha Cond\u00e9 qu\u2019il n\u2019y aura jamais de 3\u00e8me mandat en Guin\u00e9e\u00a0\u00bb.<\/p>\n<p>La mobilisation anti-Cond\u00e9, s\u00e9v\u00e8rement r\u00e9prim\u00e9e \u00e0 plusieurs reprises, a fait des dizaines de morts, imput\u00e9s par l\u2019opposition aux forces de s\u00e9curit\u00e9, ce que celles-ci ont toujours ni\u00e9. Les d\u00e9fenseurs des droits humains d\u00e9noncent constamment l\u2019impunit\u00e9 dont elles b\u00e9n\u00e9ficient.\u00a0<\/p>\n<\/div>\n<p>Auteur: APA News<br \/>\n<a href=\"https:\/\/www.journalducameroun.com\/guinee-le-fndc-appelle-a-une-nouvelle-manifestation\/\">Cliquez ici pour lire l&rsquo;article depuis sa source.<\/a><\/p>\n","protected":false},"excerpt":{"rendered":"<p>Publi\u00e9 le 15.06.2020 \u00e0 20h18 par APA News Le Front national pour la d\u00e9fense de la Constitution (FNDC), dans un communiqu\u00e9 parvenu ce lundi \u00e0 APA, appelle les habitants de Conakry, la capitale, \u00e0 une nouvelle marche pacifique le 08 juillet prochain pour \u00ab la libert\u00e9 et l\u2019alternance d\u00e9mocratique \u00bb en Guin\u00e9e.La tr\u00eave observ\u00e9e jusque-l\u00e0, [&hellip;]<\/p>\n","protected":false},"author":1965,"featured_media":0,"comment_status":"closed","ping_status":"closed","sticky":false,"template":"","format":"standard","meta":{"fifu_image_url":"","fifu_image_alt":"","footnotes":""},"categories":[73,82],"tags":[],"class_list":["post-89112","post","type-post","status-publish","format-standard","hentry","category-actualite","category-cameroun"],"_links":{"self":[{"href":"https:\/\/linitiative.ca\/International\/wp-json\/wp\/v2\/posts\/89112","targetHints":{"allow":["GET"]}}],"collection":[{"href":"https:\/\/linitiative.ca\/International\/wp-json\/wp\/v2\/posts"}],"about":[{"href":"https:\/\/linitiative.ca\/International\/wp-json\/wp\/v2\/types\/post"}],"author":[{"embeddable":true,"href":"https:\/\/linitiative.ca\/International\/wp-json\/wp\/v2\/users\/1965"}],"replies":[{"embeddable":true,"href":"https:\/\/linitiative.ca\/International\/wp-json\/wp\/v2\/comments?post=89112"}],"version-history":[{"count":0,"href":"https:\/\/linitiative.ca\/International\/wp-json\/wp\/v2\/posts\/89112\/revisions"}],"wp:attachment":[{"href":"https:\/\/linitiative.ca\/International\/wp-json\/wp\/v2\/media?parent=89112"}],"wp:term":[{"taxonomy":"category","embeddable":true,"href":"https:\/\/linitiative.ca\/International\/wp-json\/wp\/v2\/categories?post=89112"},{"taxonomy":"post_tag","embeddable":true,"href":"https:\/\/linitiative.ca\/International\/wp-json\/wp\/v2\/tags?post=89112"}],"curies":[{"name":"wp","href":"https:\/\/api.w.org\/{rel}","templated":true}]}}