{"id":89113,"date":"2020-06-15T16:18:05","date_gmt":"2020-06-15T20:18:05","guid":{"rendered":"https:\/\/linitiative.ca\/International\/djibouti-abrite-des-pourparlers-historiques-entre-la-somalie-et-le-somaliland\/"},"modified":"2020-06-15T16:18:05","modified_gmt":"2020-06-15T20:18:05","slug":"djibouti-abrite-des-pourparlers-historiques-entre-la-somalie-et-le-somaliland","status":"publish","type":"post","link":"https:\/\/linitiative.ca\/International\/djibouti-abrite-des-pourparlers-historiques-entre-la-somalie-et-le-somaliland\/","title":{"rendered":"Djibouti abrite des pourparlers historiques entre la Somalie et le Somaliland"},"content":{"rendered":"<div readability=\"32\">\n<p>Publi\u00e9 le 15.06.2020 \u00e0 21h18 par APA News<\/p>\n<\/div>\n<div readability=\"75\">\n<p>Dimanche, le pr\u00e9sident djiboutien Ismail Omar Guelleh a n\u00e9goci\u00e9 la tenue \u00e0 Djibouti, de pourparlers historiques entre les dirigeants du gouvernement f\u00e9d\u00e9ral de la Somalie et l\u2019Etat autoproclam\u00e9 du Somaliland.Le Premier ministre \u00e9thiopien Abiy Ahmed a \u00e9galement assist\u00e9 aux pourparlers visant \u00e0 rapprocher les positions de la Somalie et du Somaliland.<\/p>\n<p>\u00a0\u00ab\u00a0La reprise des pourparlers entre la Somalie et le Somaliland est une parfaite illustration de la d\u00e9termination continue des dirigeants de la r\u00e9gion \u00e0 r\u00e9soudre les diff\u00e9rends par le dialogue\u00a0\u00bb, a d\u00e9clar\u00e9 Guelleh via Twitter.<\/p>\n<p>L\u2019ordre du jour de la r\u00e9union n\u2019a pas \u00e9t\u00e9 rendu public, mais un observateur, qui a suivi les efforts ayant conduit aux pourparlers de dimanche, a d\u00e9clar\u00e9 que la premi\u00e8re \u00e9tape consiste \u00e0 instaurer la confiance entre les parties et \u00e0 convenir d\u2019un processus pour les pourparlers.<\/p>\n<p>A la fin de la journ\u00e9e, les deux parties avaient convenues de former des comit\u00e9s techniques pour poursuivre les pourparlers. Les parties ont \u00e9galement convenu de ne pas politiser l\u2019aide au d\u00e9veloppement et les investissements internationaux.<\/p>\n<p>L\u2019ambassade des Etats-Unis, qui a soutenu le processus, a salu\u00e9 l\u2019ouverture des pourparlers. \u00ab\u00a0Nous soutenons la coop\u00e9ration pour le bien du peuple Somali et exhortons tous les Somaliens \u00e0 participer au processus\u00a0\u00bb, a indiqu\u00e9 l\u2019ambassade sur Twitter.<\/p>\n<p>Le Premier ministre Abiy Ahmed a r\u00e9it\u00e9r\u00e9 la valeur de la paix et de la r\u00e9conciliation dans la r\u00e9gion de la Corne de l\u2019Afrique comme fondement de l\u2019int\u00e9gration r\u00e9gionale, selon un communiqu\u00e9 du minist\u00e8re des Affaires \u00e9trang\u00e8res de l\u2019Ethiopie.<\/p>\n<p>Les entretiens font suite \u00e0 une rencontre entre les deux dirigeants, anim\u00e9e par le Premier ministre Abiy Ahmed en f\u00e9vrier 2020 \u00e0 Addis-Abeba.<\/p>\n<p>Le Premier ministre Abiy est revenu sur les abondantes ressources dans la Corne qui peuvent \u00eatre utilis\u00e9es efficacement pour le d\u00e9veloppement r\u00e9gional, si la coop\u00e9ration et la paix deviennent des forces motrices.\u00a0<\/p>\n<\/div>\n<p>Auteur: APA News<br \/>\n<a href=\"https:\/\/www.journalducameroun.com\/djibouti-abrite-des-pourparlers-historiques-entre-la-somalie-et-le-somaliland\/\">Cliquez ici pour lire l&rsquo;article depuis sa source.<\/a><\/p>\n","protected":false},"excerpt":{"rendered":"<p>Publi\u00e9 le 15.06.2020 \u00e0 21h18 par APA News Dimanche, le pr\u00e9sident djiboutien Ismail Omar Guelleh a n\u00e9goci\u00e9 la tenue \u00e0 Djibouti, de pourparlers historiques entre les dirigeants du gouvernement f\u00e9d\u00e9ral de la Somalie et l\u2019Etat autoproclam\u00e9 du Somaliland.Le Premier ministre \u00e9thiopien Abiy Ahmed a \u00e9galement assist\u00e9 aux pourparlers visant \u00e0 rapprocher les positions de la [&hellip;]<\/p>\n","protected":false},"author":1965,"featured_media":0,"comment_status":"closed","ping_status":"closed","sticky":false,"template":"","format":"standard","meta":{"fifu_image_url":"","fifu_image_alt":"","footnotes":""},"categories":[73,82],"tags":[],"class_list":["post-89113","post","type-post","status-publish","format-standard","hentry","category-actualite","category-cameroun"],"_links":{"self":[{"href":"https:\/\/linitiative.ca\/International\/wp-json\/wp\/v2\/posts\/89113","targetHints":{"allow":["GET"]}}],"collection":[{"href":"https:\/\/linitiative.ca\/International\/wp-json\/wp\/v2\/posts"}],"about":[{"href":"https:\/\/linitiative.ca\/International\/wp-json\/wp\/v2\/types\/post"}],"author":[{"embeddable":true,"href":"https:\/\/linitiative.ca\/International\/wp-json\/wp\/v2\/users\/1965"}],"replies":[{"embeddable":true,"href":"https:\/\/linitiative.ca\/International\/wp-json\/wp\/v2\/comments?post=89113"}],"version-history":[{"count":0,"href":"https:\/\/linitiative.ca\/International\/wp-json\/wp\/v2\/posts\/89113\/revisions"}],"wp:attachment":[{"href":"https:\/\/linitiative.ca\/International\/wp-json\/wp\/v2\/media?parent=89113"}],"wp:term":[{"taxonomy":"category","embeddable":true,"href":"https:\/\/linitiative.ca\/International\/wp-json\/wp\/v2\/categories?post=89113"},{"taxonomy":"post_tag","embeddable":true,"href":"https:\/\/linitiative.ca\/International\/wp-json\/wp\/v2\/tags?post=89113"}],"curies":[{"name":"wp","href":"https:\/\/api.w.org\/{rel}","templated":true}]}}