{"id":89116,"date":"2020-06-15T09:19:48","date_gmt":"2020-06-15T13:19:48","guid":{"rendered":"https:\/\/linitiative.ca\/International\/benedict-oramah-reconduit-a-la-presidence-dafreximbank\/"},"modified":"2020-06-15T09:19:48","modified_gmt":"2020-06-15T13:19:48","slug":"benedict-oramah-reconduit-a-la-presidence-dafreximbank","status":"publish","type":"post","link":"https:\/\/linitiative.ca\/International\/benedict-oramah-reconduit-a-la-presidence-dafreximbank\/","title":{"rendered":"Benedict Oramah reconduit \u00e0 la pr\u00e9sidence d\u2019Afreximbank"},"content":{"rendered":"<div class=\"featured-area featured-area-inner\"><img loading=\"lazy\" decoding=\"async\" width=\"619\" height=\"413\" src=\"https:\/\/ecomatin.net\/wp-content\/uploads\/2020\/06\/AFREXIMBANK.jpg\" class=\"attachment-full size-full wp-post-image\" alt=\"\" srcset=\"https:\/\/ecomatin.net\/wp-content\/uploads\/2020\/06\/AFREXIMBANK.jpg 619w, https:\/\/ecomatin.net\/wp-content\/uploads\/2020\/06\/AFREXIMBANK-300x200.jpg 300w\" sizes=\"auto, (max-width: 619px) 100vw, 619px\" data-attachment-id=\"16454\" data-permalink=\"https:\/\/ecomatin.net\/benedict-oramah-reconduit-a-la-presidence-dafreximbank\/afreximbank-2\/\" data-orig-file=\"https:\/\/ecomatin.net\/wp-content\/uploads\/2020\/06\/AFREXIMBANK.jpg\" data-orig-size=\"619,413\" data-comments-opened=\"0\" data-image-meta=\"{&quot;aperture&quot;:&quot;0&quot;,&quot;credit&quot;:&quot;&quot;,&quot;camera&quot;:&quot;&quot;,&quot;caption&quot;:&quot;&quot;,&quot;created_timestamp&quot;:&quot;0&quot;,&quot;copyright&quot;:&quot;&quot;,&quot;focal_length&quot;:&quot;0&quot;,&quot;iso&quot;:&quot;0&quot;,&quot;shutter_speed&quot;:&quot;0&quot;,&quot;title&quot;:&quot;&quot;,&quot;orientation&quot;:&quot;0&quot;}\" data-image-title=\"AFREXIMBANK\" data-image-description=\"\" data-medium-file=\"https:\/\/ecomatin.net\/wp-content\/uploads\/2020\/06\/AFREXIMBANK-300x200.jpg\" data-large-file=\"https:\/\/ecomatin.net\/wp-content\/uploads\/2020\/06\/AFREXIMBANK.jpg\"\/><\/div>\n<div class=\"entry-content entry clearfix\" readability=\"35.741768213638\">\n<p>Les actionnaires de la banque d\u2019import-export (<strong>Afreximbank<\/strong>), ont d\u00e9cid\u00e9 de reconduire au poste de pr\u00e9sident de la banque le Professeur\u00a0<strong>Benedict Oramah<\/strong>. C\u2019\u00e9tait au cours de la 27<sup>e<\/sup>\u00a0assembl\u00e9e g\u00e9n\u00e9rale annuelle des actionnaires de la Banque au Caire le 14 juin. Ce dernier dirigera les destin\u00e9s de la banque multilat\u00e9rale panafricaine pour un second mandat de 5 ans.<\/p>\n<p>Benedict Oramah axe son nouveau mandat sur la r\u00e9alisation d\u2019un march\u00e9 africain int\u00e9gr\u00e9. \u00ab\u00a0<em>Nous voulons une Afrique o\u00f9 les fondements de l\u2019Accord de libre-\u00e9change continental africain (<strong>Zleca<\/strong>) sont pos\u00e9s rapidement afin que les 84\u00a0000 kilom\u00e8tres de fronti\u00e8res qui nous s\u00e9parent depuis des si\u00e8cles puissent commencer \u00e0 tomber<\/em>\u00a0\u00bb, a-t-il confiait lors de son allocution de d\u00e9claration d\u2019acceptation.<\/p>\n<p>Lire aussi: <a href=\"https:\/\/ecomatin.net\/afreximbank-veut-construire-son-siege-sous-regional-au-cameroun\/\">\u2013\u00a0\u00a0\u00a0\u00a0\u00a0\u00a0\u00a0\u00a0\u00a0\u00a0<strong>Afreximbank veut construire son si\u00e8ge sous r\u00e9gional au Cameroun\u00a0<\/strong><\/a><\/p>\n<p>Toujours lors de son discours aux actionnaires, il a aussi indiqu\u00e9 qu\u2019entre 2015 et 2019 Afreximbank a d\u00e9caiss\u00e9 30 milliards de dollars am\u00e9ricains soit 17\u00a0495 milliards de FCFA pour soutenir\u00a0\u00a0le commerce africain. Dont plus de 15 milliards de dollars am\u00e9ricains \u00e9tant consacr\u00e9s au financement et \u00e0 la promotion du commerce intra-africain\u00a0: \u00ab\u00a0<em>Nous viserons \u00e0 doubler le financement du commerce intra-africain de sorte qu\u2019\u00e0 la fin de mon mandat, il ne repr\u00e9sentera pas moins de 40% des actifs totaux de la banque, avec des d\u00e9caissements cumul\u00e9s, sur une base renouvelable, sur les 5 ans d\u00e9passant 30 milliards de dollars US<\/em>\u00a0\u00bb, indiquait-il.<\/p>\n<p>Lire aussi : \u2013\u00a0\u00a0\u00a0\u00a0\u00a0\u00a0\u00a0\u00a0\u00a0\u00a0<strong><a href=\"https:\/\/ecomatin.net\/sonara-le-gouvernement-ouvre-des-negociations-sur-loffre-de-financement-dafreximbank\/\">Sonara: le gouvernement ouvre des n\u00e9gociations sur l\u2019offre de financement d\u2019Afreximbank\u00a0<\/a><\/strong><\/p>\n<p>Lors de cette 27<sup>e<\/sup>\u00a0assembl\u00e9e g\u00e9n\u00e9rale, les actionnaires ont \u00e9galement approuv\u00e9 la r\u00e9\u00e9lection de\u00a0<strong>Stefan-Luis Fran\u00e7ois Nalletamby<\/strong>\u00a0et de\u00a0<strong>Kee Chong Li Kwong Wing<\/strong>\u00a0aux postes respectifs d\u2019administrateur repr\u00e9sentant les actionnaires de cat\u00e9gorie \u00ab\u00a0A\u00a0\u00bb et \u00ab\u00a0B\u00a0\u00bb.<\/p>\n<div class=\"awac-wrapper awac widget posts-list-widget-11\">\n<h4 class=\"widget-title\">Le plus r\u00e9cent<\/h4>\n<\/div>\n<\/div>\n<p>Auteur: EcoMatin<br \/>\n<a href=\"https:\/\/ecomatin.net\/benedict-oramah-reconduit-a-la-presidence-dafreximbank\/\">Cliquez ici pour lire l&rsquo;article depuis sa source.<\/a><\/p>\n","protected":false},"excerpt":{"rendered":"<p>Les actionnaires de la banque d\u2019import-export (Afreximbank), ont d\u00e9cid\u00e9 de reconduire au poste de pr\u00e9sident de la banque le Professeur\u00a0Benedict Oramah. C\u2019\u00e9tait au cours de la 27e\u00a0assembl\u00e9e g\u00e9n\u00e9rale annuelle des actionnaires de la Banque au Caire le 14 juin. Ce dernier dirigera les destin\u00e9s de la banque multilat\u00e9rale panafricaine pour un second mandat de 5 [&hellip;]<\/p>\n","protected":false},"author":1969,"featured_media":89117,"comment_status":"closed","ping_status":"closed","sticky":false,"template":"","format":"standard","meta":{"fifu_image_url":"","fifu_image_alt":"","footnotes":""},"categories":[82,78],"tags":[],"class_list":["post-89116","post","type-post","status-publish","format-standard","has-post-thumbnail","hentry","category-cameroun","category-economie"],"_links":{"self":[{"href":"https:\/\/linitiative.ca\/International\/wp-json\/wp\/v2\/posts\/89116","targetHints":{"allow":["GET"]}}],"collection":[{"href":"https:\/\/linitiative.ca\/International\/wp-json\/wp\/v2\/posts"}],"about":[{"href":"https:\/\/linitiative.ca\/International\/wp-json\/wp\/v2\/types\/post"}],"author":[{"embeddable":true,"href":"https:\/\/linitiative.ca\/International\/wp-json\/wp\/v2\/users\/1969"}],"replies":[{"embeddable":true,"href":"https:\/\/linitiative.ca\/International\/wp-json\/wp\/v2\/comments?post=89116"}],"version-history":[{"count":0,"href":"https:\/\/linitiative.ca\/International\/wp-json\/wp\/v2\/posts\/89116\/revisions"}],"wp:featuredmedia":[{"embeddable":true,"href":"https:\/\/linitiative.ca\/International\/wp-json\/"}],"wp:attachment":[{"href":"https:\/\/linitiative.ca\/International\/wp-json\/wp\/v2\/media?parent=89116"}],"wp:term":[{"taxonomy":"category","embeddable":true,"href":"https:\/\/linitiative.ca\/International\/wp-json\/wp\/v2\/categories?post=89116"},{"taxonomy":"post_tag","embeddable":true,"href":"https:\/\/linitiative.ca\/International\/wp-json\/wp\/v2\/tags?post=89116"}],"curies":[{"name":"wp","href":"https:\/\/api.w.org\/{rel}","templated":true}]}}