{"id":89118,"date":"2020-06-15T10:33:05","date_gmt":"2020-06-15T14:33:05","guid":{"rendered":"https:\/\/linitiative.ca\/International\/complexe-industrialo-portuaire-de-kribi-une-convention-pour-promouvoir-linvestissement-prive\/"},"modified":"2020-06-15T10:33:05","modified_gmt":"2020-06-15T14:33:05","slug":"complexe-industrialo-portuaire-de-kribi-une-convention-pour-promouvoir-linvestissement-prive","status":"publish","type":"post","link":"https:\/\/linitiative.ca\/International\/complexe-industrialo-portuaire-de-kribi-une-convention-pour-promouvoir-linvestissement-prive\/","title":{"rendered":"Complexe industrialo-portuaire de Kribi : une convention pour promouvoir l\u2019investissement priv\u00e9"},"content":{"rendered":"<p><strong>Ipd Ac-Fik<\/strong>. Il faudra d\u00e9sormais s\u2019habituer \u00e0 ce couple technico-financier. L\u2019Institut panafricain pour le d\u00e9veloppement-Afrique centrale (<strong>Ipd-Ac<\/strong>) et la Fondation d\u2019industrialisation de Kribi (<strong>Fik<\/strong>) ont nou\u00e9 un partenariat multiforme durable encr\u00e9 sur le Port autonome de Kribi.\u00a0<strong>Roger Bondou\u00e9<\/strong>, le Directeur r\u00e9gional de l\u2019Ipd-Ac et Rodrigue\u00a0<strong>Ongolo Onambele<\/strong>, le Pr\u00e9sident fondateur de la Fondation d\u2019industrialisation de Kribi ont accord\u00e9 leurs violons \u00e0 l\u2019occasion d\u2019une c\u00e9r\u00e9monie \u00e0 laquelle participaient \u00e9galement Theresa Elate, la Pr\u00e9sidente du conseil d\u2019administration de l\u2019Ipd-Ac, le Pr. Emmanuel Kamdem, le Secr\u00e9taire g\u00e9n\u00e9ral de la m\u00eame institution, et Sa Majest\u00e9 Meyong Bizole, Chef de 3\u00e8me degr\u00e9 et repr\u00e9sentant des b\u00e9n\u00e9ficiaires du projet \u00abForum investir \u00e0 Kribi\u00bb, objet de la convention, entre autres.<\/p>\n<p>Lire aussi : Lire aussi\u00a0: <a href=\"https:\/\/ecomatin.net\/le-no1-mondial-du-fret-maritime-sinstalle-au-port-de-kribi\/\">\u2013<strong>Le No 1 mondial du fret maritime s\u2019installe au Port de Kribi\u00a0<\/strong><\/a><\/p>\n<p>L\u2019objet de la convention-cadre vise \u00e0 mettre en place un cadre global et formel de partenariat entre l\u2019Ipd-Ac et la Fondation d\u2019industrialisation de Kribi pour promouvoir l\u2019investissement priv\u00e9 en vue de l\u2019industrialisation du Cameroun. Les parties entendent coop\u00e9rer dans les domaines de l\u2019appui-conseil, par le montage, le suivi et l\u2019\u00e9valuation des projets, la recherche des partenaires au d\u00e9veloppement, et l\u2019\u00e9laboration des strat\u00e9gies.<\/p>\n<p>Lire aussi : <a href=\"https:\/\/ecomatin.net\/port-de-kribi-investit-80-millions-de-f-cfa-dans-le-teletravail\/\">\u2013<strong>Port de Kribi investit 80 millions de F CFA dans le t\u00e9l\u00e9travail\u00a0<\/strong><\/a><\/p>\n<p>Plus concr\u00e8tement l\u2019Ipd-Ac s\u2019engage \u00e0 mettre ses experts \u00e0 la disposition de la Fik pour le montage, le suivi et l\u2019\u00e9laboration de \u00a0ce projet, accompagner la Fik dans la recherche des partenaires au d\u00e9veloppement, servir d\u2019interface pour la Fik dans les pays de couverture de l\u2019Ipd-Ac, accompagner la Fik dans la r\u00e9daction des rapports de fin d\u2019ann\u00e9e \u00e0 adresser au gouvern ement du Cameroun, faire de la Fik son point focal pour toutes ses activit\u00e9s et actions \u00e0 Kribi.<\/p>\n<p>Lire aussi : <strong><a href=\"https:\/\/ecomatin.net\/coronavirus-restrictions-sur-laccostage-des-bateaux-au-port-de-kribi\/\">-Coronavirus: restrictions sur l\u2019accostage des bateaux au port de Kribi\u00a0<\/a><\/strong><\/p>\n<p>La Fik s\u2019engage \u00e0 faire la promotion des activit\u00e9s de l\u2019Ipd-Ac comme acteur majeur du d\u00e9veloppement en Afrique, faire la promotion du e-learning de l\u2019Ipd-Ac, accueillir les \u00e9tudiants de l\u2019Ipd-Ac en stage pour toute la dur\u00e9e de la collaboration, faire recours \u00e0 l\u2019Ipd-Ac pour toutes les activit\u00e9s en rapport avec la pr\u00e9sente convention. Sign\u00e9e pour une dur\u00e9e ind\u00e9termin\u00e9e, la\u00a0convention peut \u00eatre amend\u00e9e ou modifier \u00e0 tout moment par accord \u00e9crit entre les parties.<\/p>\n<div class=\"awac-wrapper awac widget posts-list-widget-11\">\n<h4 class=\"widget-title\">Le plus r\u00e9cent<\/h4>\n<\/div>\n<p>Auteur: EcoMatin<br \/>\n<a href=\"https:\/\/ecomatin.net\/complexe-industrialo-portuaire-de-kribi-une-convention-pour-promouvoir-linvestissement-prive\/\">Cliquez ici pour lire l&rsquo;article depuis sa source.<\/a><\/p>\n","protected":false},"excerpt":{"rendered":"<p>Ipd Ac-Fik. Il faudra d\u00e9sormais s\u2019habituer \u00e0 ce couple technico-financier. L\u2019Institut panafricain pour le d\u00e9veloppement-Afrique centrale (Ipd-Ac) et la Fondation d\u2019industrialisation de Kribi (Fik) ont nou\u00e9 un partenariat multiforme durable encr\u00e9 sur le Port autonome de Kribi.\u00a0Roger Bondou\u00e9, le Directeur r\u00e9gional de l\u2019Ipd-Ac et Rodrigue\u00a0Ongolo Onambele, le Pr\u00e9sident fondateur de la Fondation d\u2019industrialisation de Kribi [&hellip;]<\/p>\n","protected":false},"author":1969,"featured_media":0,"comment_status":"closed","ping_status":"closed","sticky":false,"template":"","format":"standard","meta":{"fifu_image_url":"","fifu_image_alt":"","footnotes":""},"categories":[82,78],"tags":[],"class_list":["post-89118","post","type-post","status-publish","format-standard","hentry","category-cameroun","category-economie"],"_links":{"self":[{"href":"https:\/\/linitiative.ca\/International\/wp-json\/wp\/v2\/posts\/89118","targetHints":{"allow":["GET"]}}],"collection":[{"href":"https:\/\/linitiative.ca\/International\/wp-json\/wp\/v2\/posts"}],"about":[{"href":"https:\/\/linitiative.ca\/International\/wp-json\/wp\/v2\/types\/post"}],"author":[{"embeddable":true,"href":"https:\/\/linitiative.ca\/International\/wp-json\/wp\/v2\/users\/1969"}],"replies":[{"embeddable":true,"href":"https:\/\/linitiative.ca\/International\/wp-json\/wp\/v2\/comments?post=89118"}],"version-history":[{"count":0,"href":"https:\/\/linitiative.ca\/International\/wp-json\/wp\/v2\/posts\/89118\/revisions"}],"wp:attachment":[{"href":"https:\/\/linitiative.ca\/International\/wp-json\/wp\/v2\/media?parent=89118"}],"wp:term":[{"taxonomy":"category","embeddable":true,"href":"https:\/\/linitiative.ca\/International\/wp-json\/wp\/v2\/categories?post=89118"},{"taxonomy":"post_tag","embeddable":true,"href":"https:\/\/linitiative.ca\/International\/wp-json\/wp\/v2\/tags?post=89118"}],"curies":[{"name":"wp","href":"https:\/\/api.w.org\/{rel}","templated":true}]}}