{"id":89119,"date":"2020-06-15T11:24:04","date_gmt":"2020-06-15T15:24:04","guid":{"rendered":"https:\/\/linitiative.ca\/International\/subvention-de-letat-nalova-lyonga-suspend-pres-de-30-etablissements-prives\/"},"modified":"2020-06-15T11:24:04","modified_gmt":"2020-06-15T15:24:04","slug":"subvention-de-letat-nalova-lyonga-suspend-pres-de-30-etablissements-prives","status":"publish","type":"post","link":"https:\/\/linitiative.ca\/International\/subvention-de-letat-nalova-lyonga-suspend-pres-de-30-etablissements-prives\/","title":{"rendered":"Subvention de l\u2019Etat : Nalova Lyonga suspend pr\u00e8s de 30 \u00e9tablissements priv\u00e9s"},"content":{"rendered":"<p>La Ministre des enseignements secondaires vient de frapper un grand coup dans la sph\u00e8re de l\u2019enseignement priv\u00e9 au Cameroun. Par d\u00e9cision du 10 juin 2020, Nalova Lyonga a suspendu l\u2019octroi de subvention \u00e0 certains \u00e9tablissements scolaires priv\u00e9s conform\u00e9ment aux dispositions des lois du 14 avril 1998 portant orientation de l\u2019\u00e9ducation au Cameroun, et du 22 juillet 2004 fixant les r\u00e8gles relatives \u00e0 l\u2019organisation et au fonctionnement de l\u2019enseignement priv\u00e9 au Cameroun.<\/p>\n<p>Lire aussi : <strong><a href=\"https:\/\/ecomatin.net\/education-65-milliards-de-fcfa-pour-lenseignement-prive\/\">Education : 6,5 milliards de FCFA pour l\u2019enseignement priv\u00e9\u00a0<\/a><\/strong><\/p>\n<p>L\u2019ex vice-chancellor de l\u2019Universit\u00e9 de Buea appuie sa mesure couperet sur une pile de rapports de contr\u00f4le sur l\u2019utilisation des subventions de l\u2019Etat. Rapport dress\u00e9 par la brigade nationale de contr\u00f4le des \u00e9tablissements priv\u00e9s d\u2019enseignement secondaire. Lesdits rapports couvrent l\u2019exercice 2018. Alors que la suspension de subvention prend effet \u00e0 compter des exercices budg\u00e9taires 2020 et 2021.<\/p>\n<p>La loi du 22\u00a0juillet 2004 en son article 20 stipule que \u00ables ressources d\u2019un \u00e9tablissement scolaire ou de formation priv\u00e9 proviennent des appuis \u00e9ventuels de l\u2019Etat\u00bb, entre autres. L\u2019article 24 des m\u00eames dispositions pr\u00e9voient \u00aben cas de carence, de troubles graves \u00e0 l\u2019ordre public ou d\u2019inobservation des dispositions de la pr\u00e9sente loi d\u00fbment constat\u00e9s par les autorit\u00e9s comp\u00e9tentes , les responsables des \u00e9tablissements scolaires ou de formation priv\u00e9s concern\u00e9s peuvent \u00eatre suspendus de leurs fonctions ou d\u00e9chus de leurs droits\u2026\u00bb.\u00a0Tombent sous le coup de cette d\u00e9cision, 28 \u00e9tablissements priv\u00e9s de l\u2019Adamaoua, le Centre, le Littoral, et le Sud. Le d\u00e9cret du 15 d\u00e9cembre 2008 fixant les modalit\u00e9s d\u2019organisation et de fonctionnement de l\u2019enseignement au Cameroun affecte la subvention de l\u2019Etat accord\u00e9e aux \u00e9tablissements priv\u00e9s au \u00abpaiement des salaires des enseignants permanents et du personnel administratif\u00bb.\u00a0<\/p>\n<p>Lire aussi : <a href=\"https:\/\/ecomatin.net\/enseignement-secondaire-partenariat-minesec-afriland-first-bank-pour-securiser-les-frais-dexamen-et-concours\/\">\u2013\u00a0<strong>Education : partenariat Minesec-Afriland First Bank pour securiser les frais d\u2019examen et concours\u00a0<\/strong><\/a><\/p>\n<p>Pourtant, d\u2019apr\u00e8s une enqu\u00eate de 2010 sur le suivi des d\u00e9penses publiques et le niveau de satisfaction des b\u00e9n\u00e9ficiaires dans les secteurs de l\u2019\u00e9ducation, 97% des promoteurs d\u2019\u00e9tablissements du primaire destinent lesdits fonds \u00e0 la r\u00e9mun\u00e9ration du personnel enseignant et administratif. La m\u00eame enqu\u00eate r\u00e9v\u00e8le leur usage \u00e0 63% pour le fonctionnement des services, 31% \u00e0 l\u2019achat des mat\u00e9riels et \u00e9quipements p\u00e9dagogiques. Concernant l\u2019enseignement secondaire, l\u2019enqu\u00eate de 2010 r\u00e9v\u00e8le un usage de la subvention \u00e0 hauteur de 88% pour la r\u00e9mun\u00e9ration du personnel, 44,1% affect\u00e9s au fonctionnement des services, et 45,2% \u00e0 l\u2019achat des mat\u00e9riels et \u00e9quipements. \u00a0<\/p>\n<p>Lire aussi : \u2013\u00a0<strong><a href=\"https:\/\/ecomatin.net\/politique-sociale-le-cameroun-encore-loin-de-ses-engagements\/\" target=\"_blank\" rel=\"noreferrer noopener\">Politique sociale : le Cameroun encore loin de ses engagements\u00a0<\/a><\/strong><\/p>\n<p><strong>\u00c9tablissements priv\u00e9s suspendus<\/strong><\/p>\n<p>1- Grace Comprehensive bilingual high School (Ngaound\u00e9r\u00e9 l)<\/p>\n<p>2- Institut polyvalent bilingue les pintades (Ngaound\u00e9r\u00e9 l)<\/p>\n<p>3- Dolphins bilingual secondary School (Ngaound\u00e9r\u00e9 1)<\/p>\n<p>4- Coll\u00e8ge polyvalent la victoire (Ngaound\u00e9r\u00e9 ll)<\/p>\n<p>5- Coll\u00e8ge Mvom Nnam Nkolondom (Yaound\u00e9 l)<\/p>\n<p>6- Institut Paul Momo (Yaound\u00e9 lll)\u00a0<\/p>\n<p>7- Coll\u00e8ge bilingue Diderot (Yaound\u00e9 lll)<\/p>\n<p>8- Institut polyvalent les nations (Yaound\u00e9 lll)<\/p>\n<p>9- Coll\u00e8ge priv\u00e9 la\u00efc Chedom la r\u00e9ussite (Mbankomo)<\/p>\n<p>10- Coll\u00e8ge bilingue Teerenstra (Bertoua l)<\/p>\n<p>11- Presbyterian secondary School (Douala lll)<\/p>\n<p>12- Institut polyvalent Tati (Douala lll)<\/p>\n<p>13- King David comprehensive college (Douala lll)<\/p>\n<p>14- Institut polyvalent de la cit\u00e9 berge (Douala lll)<\/p>\n<p>15- Coll\u00e8ge polyvalent les canaries (Douala V)<\/p>\n<p>16- Coll\u00e8ge les p\u00e9dagogues (Douala V)<\/p>\n<p>17- Coll\u00e8ge bilingue Briquiny (Douala V)<\/p>\n<p>18- Coll\u00e8ge priv\u00e9 la\u00efc Ntankeu (Douala V)<\/p>\n<p>19- Coll\u00e8ge priv\u00e9 la\u00efc les valeurs (Douala V)<\/p>\n<p>20- Coll\u00e8ge polyvalent l\u2019\u00e9toile (Douala V)<\/p>\n<p>21- Coll\u00e8ge priv\u00e9 la\u00efc Intac (Douala V)<\/p>\n<p>22- Coll\u00e8ge priv\u00e9 le Nil (Douala V)<\/p>\n<p>23- Coll\u00e8ge priv\u00e9 la\u00efc Nanfah (Douala V)<\/p>\n<p>24- Rapha bilingual School Douala (Douala V)<\/p>\n<p>25- Coll\u00e8ge les Tisserins de Njombe (Njombe)<\/p>\n<p>26- Coll\u00e8ge priv\u00e9 la\u00efc le paradis des anges (Kribi 1)<\/p>\n<p>27- Coll\u00e8ge Saint Francois de M\u00e9lanie (Ebolowa l)<\/p>\n<p>28- Complexe scolaire bilingue les espoirs<\/p>\n<div class=\"awac-wrapper awac widget posts-list-widget-11\">\n<h4 class=\"widget-title\">Le plus r\u00e9cent<\/h4>\n<\/div>\n<p>Auteur: EcoMatin<br \/>\n<a href=\"https:\/\/ecomatin.net\/subvention-de-letat-nalova-lyonga-suspend-pres-de-30-etablissements-prives\/\">Cliquez ici pour lire l&rsquo;article depuis sa source.<\/a><\/p>\n","protected":false},"excerpt":{"rendered":"<p>La Ministre des enseignements secondaires vient de frapper un grand coup dans la sph\u00e8re de l\u2019enseignement priv\u00e9 au Cameroun. Par d\u00e9cision du 10 juin 2020, Nalova Lyonga a suspendu l\u2019octroi de subvention \u00e0 certains \u00e9tablissements scolaires priv\u00e9s conform\u00e9ment aux dispositions des lois du 14 avril 1998 portant orientation de l\u2019\u00e9ducation au Cameroun, et du 22 [&hellip;]<\/p>\n","protected":false},"author":1969,"featured_media":0,"comment_status":"closed","ping_status":"closed","sticky":false,"template":"","format":"standard","meta":{"fifu_image_url":"","fifu_image_alt":"","footnotes":""},"categories":[82,78],"tags":[],"class_list":["post-89119","post","type-post","status-publish","format-standard","hentry","category-cameroun","category-economie"],"_links":{"self":[{"href":"https:\/\/linitiative.ca\/International\/wp-json\/wp\/v2\/posts\/89119","targetHints":{"allow":["GET"]}}],"collection":[{"href":"https:\/\/linitiative.ca\/International\/wp-json\/wp\/v2\/posts"}],"about":[{"href":"https:\/\/linitiative.ca\/International\/wp-json\/wp\/v2\/types\/post"}],"author":[{"embeddable":true,"href":"https:\/\/linitiative.ca\/International\/wp-json\/wp\/v2\/users\/1969"}],"replies":[{"embeddable":true,"href":"https:\/\/linitiative.ca\/International\/wp-json\/wp\/v2\/comments?post=89119"}],"version-history":[{"count":0,"href":"https:\/\/linitiative.ca\/International\/wp-json\/wp\/v2\/posts\/89119\/revisions"}],"wp:attachment":[{"href":"https:\/\/linitiative.ca\/International\/wp-json\/wp\/v2\/media?parent=89119"}],"wp:term":[{"taxonomy":"category","embeddable":true,"href":"https:\/\/linitiative.ca\/International\/wp-json\/wp\/v2\/categories?post=89119"},{"taxonomy":"post_tag","embeddable":true,"href":"https:\/\/linitiative.ca\/International\/wp-json\/wp\/v2\/tags?post=89119"}],"curies":[{"name":"wp","href":"https:\/\/api.w.org\/{rel}","templated":true}]}}