{"id":89123,"date":"2020-06-16T11:00:33","date_gmt":"2020-06-16T15:00:33","guid":{"rendered":"https:\/\/linitiative.ca\/International\/de-nouvelles-etapes-de-levee-du-confinement-dici-la-fin-de-semaine\/"},"modified":"2020-06-16T11:00:33","modified_gmt":"2020-06-16T15:00:33","slug":"de-nouvelles-etapes-de-levee-du-confinement-dici-la-fin-de-semaine","status":"publish","type":"post","link":"https:\/\/linitiative.ca\/International\/de-nouvelles-etapes-de-levee-du-confinement-dici-la-fin-de-semaine\/","title":{"rendered":"De nouvelles \u00e9tapes de lev\u00e9e  du confinement d\u2019ici la fin de semaine"},"content":{"rendered":"<p><img decoding=\"async\" class=\"post_layout_5_img\" src=\"http:\/\/aujourdhui.ma\/wp-content\/uploads\/2020\/06\/Laftit_d\u00e9penses_publiques.jpg\" alt=\"De nouvelles &#xE9;tapes de lev&#xE9;e du confinement d&#x2019;ici la fin de semaine\"\/><\/p>\n<p><span class=\"c5\"><strong>Abdelouafi Laftit l\u2019a confirm\u00e9 \u00e0 la Chambre des repr\u00e9sentants<\/strong><\/span><span id=\"more-347773\"\/><\/p>\n<p>Le Maroc entamera d\u2019ici la fin de semaine de nouvelles \u00e9tapes de lev\u00e9e du confinement et d\u2019assouplissement des mesures prises dans le cadre de la lutte contre la propagation de la Covid-19. Une annonce faite par Abdelouafi Laftit, ministre de l\u2019int\u00e9rieur, lors d\u2019une s\u00e9ance de questions orales \u00e0 la Chambre des repr\u00e9sentants. A cette occasion, le ministre a affirm\u00e9 que la lev\u00e9e du confinement ou de l\u2019\u00e9tat d\u2019urgence sanitaire ne signifie nullement l\u2019\u00e9limination du virus. \u00abNous aurons \u00e0 vivre avec ce virus\u00bb, indique-t-il tout en insistant sur l\u2019obligation de respecter des mesures sanitaires en cette phase. Dans son intervention M. Laftit a rappel\u00e9 la vocation du Fonds sp\u00e9cial pour la lutte contre la pand\u00e9mie du coronavirus (Covid-19), \u00e0 savoir le soutien des personnes ayant perdu leur revenu, \u00e0 la suite de la propagation de la pand\u00e9mie, et non pas les personnes pauvres. Le ministre a fait savoir que pr\u00e8s de 6 millions de personnes ont b\u00e9n\u00e9fici\u00e9 de ces aides.<\/p>\n<p>S\u2019agissant du traitement des r\u00e9clamations des personnes n\u2019ayant pas b\u00e9n\u00e9fici\u00e9 de ces aides, il ressort que \u00ab800.000 cas ont \u00e9t\u00e9 \u00e9tudi\u00e9s et approuv\u00e9s, en plus de 800.000 autres suppl\u00e9mentaires, s\u2019ajoutant ainsi aux 4,3 millions qui en b\u00e9n\u00e9ficiaient auparavant\u00bb. Le ministre de l\u2019int\u00e9rieur a, en outre, indiqu\u00e9 qu\u2019il est possible de transf\u00e9rer les corps pour inhumation, \u00e0 partir de lundi, d\u2019une province vers une autre, \u00e0 l\u2019exception des victimes de la Covid-19.<\/p>\n<p>Rappelons que lors de son passage \u00e0 la Chambre des repr\u00e9sentants, M. Laftit a \u00e9galement dress\u00e9 un bilan des interventions de son d\u00e9partement. On cite dans ce sens l\u2019octroi de 8,8 millions d\u2019autorisations exceptionnelles, 247.000 autorisations pour motif \u00e9conomique et 194.000 autorisations pour des consid\u00e9rations humanitaires. De m\u00eame, les autorit\u00e9s locales ont coordonn\u00e9 la distribution d\u2019une aide alimentaire d\u2019une valeur de 1,24 milliard de dirhams, au profit de quelque 3,9 millions d\u2019habitants, jusqu\u2019au 12 juin, en plus de l\u2019h\u00e9bergement de 10.900 sans-abri.<\/p>\n<p>Auteur: ALM<br \/>\n<a href=\"https:\/\/aujourdhui.ma\/politique\/de-nouvelles-etapes-de-levee-du-confinement-dici-la-fin-de-semaine\">Cliquez ici pour lire l&rsquo;article depuis sa source.<\/a><\/p>\n","protected":false},"excerpt":{"rendered":"<p>Abdelouafi Laftit l\u2019a confirm\u00e9 \u00e0 la Chambre des repr\u00e9sentants Le Maroc entamera d\u2019ici la fin de semaine de nouvelles \u00e9tapes de lev\u00e9e du confinement et d\u2019assouplissement des mesures prises dans le cadre de la lutte contre la propagation de la Covid-19. Une annonce faite par Abdelouafi Laftit, ministre de l\u2019int\u00e9rieur, lors d\u2019une s\u00e9ance de questions [&hellip;]<\/p>\n","protected":false},"author":1759,"featured_media":89124,"comment_status":"closed","ping_status":"closed","sticky":false,"template":"","format":"standard","meta":{"fifu_image_url":"","fifu_image_alt":"","footnotes":""},"categories":[73,54],"tags":[],"class_list":["post-89123","post","type-post","status-publish","format-standard","has-post-thumbnail","hentry","category-actualite","category-maroc"],"_links":{"self":[{"href":"https:\/\/linitiative.ca\/International\/wp-json\/wp\/v2\/posts\/89123","targetHints":{"allow":["GET"]}}],"collection":[{"href":"https:\/\/linitiative.ca\/International\/wp-json\/wp\/v2\/posts"}],"about":[{"href":"https:\/\/linitiative.ca\/International\/wp-json\/wp\/v2\/types\/post"}],"author":[{"embeddable":true,"href":"https:\/\/linitiative.ca\/International\/wp-json\/wp\/v2\/users\/1759"}],"replies":[{"embeddable":true,"href":"https:\/\/linitiative.ca\/International\/wp-json\/wp\/v2\/comments?post=89123"}],"version-history":[{"count":0,"href":"https:\/\/linitiative.ca\/International\/wp-json\/wp\/v2\/posts\/89123\/revisions"}],"wp:featuredmedia":[{"embeddable":true,"href":"https:\/\/linitiative.ca\/International\/wp-json\/"}],"wp:attachment":[{"href":"https:\/\/linitiative.ca\/International\/wp-json\/wp\/v2\/media?parent=89123"}],"wp:term":[{"taxonomy":"category","embeddable":true,"href":"https:\/\/linitiative.ca\/International\/wp-json\/wp\/v2\/categories?post=89123"},{"taxonomy":"post_tag","embeddable":true,"href":"https:\/\/linitiative.ca\/International\/wp-json\/wp\/v2\/tags?post=89123"}],"curies":[{"name":"wp","href":"https:\/\/api.w.org\/{rel}","templated":true}]}}