{"id":89125,"date":"2020-06-16T11:00:49","date_gmt":"2020-06-16T15:00:49","guid":{"rendered":"https:\/\/linitiative.ca\/International\/restauration-collective-pour-une-reprise-des-salaries-en-confiance\/"},"modified":"2020-06-16T11:00:49","modified_gmt":"2020-06-16T15:00:49","slug":"restauration-collective-pour-une-reprise-des-salaries-en-confiance","status":"publish","type":"post","link":"https:\/\/linitiative.ca\/International\/restauration-collective-pour-une-reprise-des-salaries-en-confiance\/","title":{"rendered":"Restauration collective : Pour une reprise des salari\u00e9s  en confiance!"},"content":{"rendered":"<p><img decoding=\"async\" class=\"post_layout_5_img\" src=\"http:\/\/aujourdhui.ma\/wp-content\/uploads\/2020\/06\/Sodexo.jpg\" alt=\"Restauration collective : Pour une reprise des salari&#xE9;s en confiance!\"\/><\/p>\n<p><span class=\"c6\"><strong><span class=\"c5\">\u00abLa confiance de nos clients et la valeur ajout\u00e9e de nos services sont d\u00e9terminantes pour une reprise d\u2019activit\u00e9 progressive et sereine\u00bb<\/span><\/strong><\/span><span id=\"more-347724\"\/><\/p>\n<p><span class=\"c7\">Sodexo vient de d\u00e9ployer un programme complet d\u2019accompagnement pour que les 50.000 collaborateurs de ses clients au Maroc puissent reprendre leur activit\u00e9 dans la s\u00e9r\u00e9nit\u00e9.<\/span><\/p>\n<p>L\u2019op\u00e9rateur de restauration Sodexo Maroc d\u00e9ploie son programme \u00abRise with Sodexo\u00bb de reprise d\u2019activit\u00e9 post-confinement destin\u00e9 \u00e0 ses clients. Tel que con\u00e7u, le programme permet d\u2019avoir une approche structur\u00e9e et compl\u00e8te pour aider les organisations \u00e0 mettre en \u0153uvre les nouveaux imp\u00e9ratifs organisationnels impos\u00e9s par le Covid-19.<\/p>\n<p>Concr\u00e8tement, l\u2019outil manag\u00e9rial r\u00e9pond aux enjeux d\u2019hygi\u00e8ne, de s\u00e9curit\u00e9, de bien-\u00eatre et de productivit\u00e9. A travers cette d\u00e9marche, Sodexo renforce ainsi ses services aupr\u00e8s de pr\u00e8s de 50.000 utilisateurs de ses services. Sodexo Maroc profite, en effet, de l\u2019exp\u00e9rience internationale du Groupe et de son expertise en termes de conseil m\u00e9dical consultatif. C\u2019est dans ce contexte que le plan de reprise complet destin\u00e9 \u00e0 l\u2019ensemble de ses activit\u00e9s a \u00e9t\u00e9 con\u00e7u sur la base d\u2019un ensemble de mesures sanitaires rigoureuses, incluant tous les \u00e9l\u00e9ments essentiels qui permettent d\u2019assurer un retour en toute confiance dans les bureaux, unit\u00e9s industrielles ou restaurants d\u2019entreprise (dans les zones d\u2019accueil, couloirs, ascenseurs, espaces de travail, salles de r\u00e9union, caf\u00e9t\u00e9rias et zones sanitaires).<\/p>\n<p>Des recommandations pour le r\u00e9am\u00e9nagement des espaces sont \u00e9galement pr\u00e9vues. Signal\u00e9tique informative et directionnelle pr\u00eate \u00e0 l\u2019usage, offre de restauration repens\u00e9e, kit de bienvenue pour l\u2019accueil des collaborateurs, guides op\u00e9rationnels exhaustifs d\u2019accompagnement \u00e0 la reprise sont autant d\u2019outils mis \u00e0 la disposition des utilisateurs en guise d\u2019accompagnement \u00e0 la reprise de travail. Une d\u00e9marche de certification de son programme de reprise par le bureau Veritas Maroc a \u00e9galement \u00e9t\u00e9 engag\u00e9e par l\u2019op\u00e9rateur.<\/p>\n<p>\u00abLe d\u00e9fi est de s\u2019adapter collectivement \u00e0 une nouvelle normalit\u00e9. Cela nous a amen\u00e9s \u00e0 pr\u00e9parer un programme unique et complet pour accompagner nos clients et soutenir leurs collaborateurs dans un retour au travail en toute confiance. De l\u2019identification des risques, \u00e0 la formation de nos collaborateurs, jusqu\u2019au d\u00e9ploiement concret de nos standards et mesures sanitaires Covid-19, tout a \u00e9t\u00e9 finement pens\u00e9 et rien n\u2019a \u00e9t\u00e9 laiss\u00e9 au hasard. Nous avons b\u00e9n\u00e9fici\u00e9 en cela de l\u2019exp\u00e9rience du Groupe Sodexo dans les pays durement touch\u00e9s par la pand\u00e9mie\u00bb, explique, \u00e0 juste titre, Mouna Fassi Daoudi, DG Sodexo Maroc. Concernant le r\u00f4le central des m\u00e9tiers de la restauration, de la propret\u00e9 et de la maintenance, la manager persiste et signe : \u00abNotre mission d\u2019am\u00e9lioration de la qualit\u00e9 de vie au travail prend tout son sens au regard de la crise que nous traversons. Nos m\u00e9tiers (restauration, propret\u00e9 et maintenance des installations) sont des m\u00e9tiers de l\u2019ombre dont le caract\u00e8re essentiel a \u00e9t\u00e9, soudainement, mis en lumi\u00e8re. La confiance de nos clients et la valeur ajout\u00e9e de nos services sont d\u00e9terminantes pour une reprise d\u2019activit\u00e9 progressive et sereine\u00bb.<\/p>\n<p>Plac\u00e9 au premier rang en mati\u00e8re de gestion de lieux professionnels, Sodexo Maroc entend faire de la pr\u00e9servation du lien social et des normes de s\u00e9curit\u00e9 sanitaires une priorit\u00e9. La confiance des clients lors de la lev\u00e9e des restrictions \u00e9tant l\u2019enjeu principal. La fermeture des restaurants et des caf\u00e9s justifie largement l\u2019action.<\/p>\n<p>Auteur: Dounia Essabban<br \/>\n<a href=\"https:\/\/aujourdhui.ma\/emploi\/restauration-collective-pour-une-reprise-des-salaries-en-confiance\">Cliquez ici pour lire l&rsquo;article depuis sa source.<\/a><\/p>\n","protected":false},"excerpt":{"rendered":"<p>\u00abLa confiance de nos clients et la valeur ajout\u00e9e de nos services sont d\u00e9terminantes pour une reprise d\u2019activit\u00e9 progressive et sereine\u00bb Sodexo vient de d\u00e9ployer un programme complet d\u2019accompagnement pour que les 50.000 collaborateurs de ses clients au Maroc puissent reprendre leur activit\u00e9 dans la s\u00e9r\u00e9nit\u00e9. L\u2019op\u00e9rateur de restauration Sodexo Maroc d\u00e9ploie son programme \u00abRise [&hellip;]<\/p>\n","protected":false},"author":1759,"featured_media":89126,"comment_status":"closed","ping_status":"closed","sticky":false,"template":"","format":"standard","meta":{"fifu_image_url":"","fifu_image_alt":"","footnotes":""},"categories":[73,54],"tags":[],"class_list":["post-89125","post","type-post","status-publish","format-standard","has-post-thumbnail","hentry","category-actualite","category-maroc"],"_links":{"self":[{"href":"https:\/\/linitiative.ca\/International\/wp-json\/wp\/v2\/posts\/89125","targetHints":{"allow":["GET"]}}],"collection":[{"href":"https:\/\/linitiative.ca\/International\/wp-json\/wp\/v2\/posts"}],"about":[{"href":"https:\/\/linitiative.ca\/International\/wp-json\/wp\/v2\/types\/post"}],"author":[{"embeddable":true,"href":"https:\/\/linitiative.ca\/International\/wp-json\/wp\/v2\/users\/1759"}],"replies":[{"embeddable":true,"href":"https:\/\/linitiative.ca\/International\/wp-json\/wp\/v2\/comments?post=89125"}],"version-history":[{"count":0,"href":"https:\/\/linitiative.ca\/International\/wp-json\/wp\/v2\/posts\/89125\/revisions"}],"wp:featuredmedia":[{"embeddable":true,"href":"https:\/\/linitiative.ca\/International\/wp-json\/"}],"wp:attachment":[{"href":"https:\/\/linitiative.ca\/International\/wp-json\/wp\/v2\/media?parent=89125"}],"wp:term":[{"taxonomy":"category","embeddable":true,"href":"https:\/\/linitiative.ca\/International\/wp-json\/wp\/v2\/categories?post=89125"},{"taxonomy":"post_tag","embeddable":true,"href":"https:\/\/linitiative.ca\/International\/wp-json\/wp\/v2\/tags?post=89125"}],"curies":[{"name":"wp","href":"https:\/\/api.w.org\/{rel}","templated":true}]}}