{"id":89129,"date":"2020-06-16T11:13:05","date_gmt":"2020-06-16T15:13:05","guid":{"rendered":"https:\/\/linitiative.ca\/International\/chambre-de-commerce-britannique-au-maroc-mohammed-raihani-quitte-la-presidence\/"},"modified":"2020-06-16T11:13:05","modified_gmt":"2020-06-16T15:13:05","slug":"chambre-de-commerce-britannique-au-maroc-mohammed-raihani-quitte-la-presidence","status":"publish","type":"post","link":"https:\/\/linitiative.ca\/International\/chambre-de-commerce-britannique-au-maroc-mohammed-raihani-quitte-la-presidence\/","title":{"rendered":"Chambre de commerce britannique au Maroc : Mohammed Raihani quitte la pr\u00e9sidence"},"content":{"rendered":"<header>\n<\/header>\n<div class=\"entry-content clearfix\" readability=\"45\"><img decoding=\"async\" class=\"post_layout_5_img\" src=\"http:\/\/aujourdhui.ma\/wp-content\/uploads\/2020\/06\/Mohammed-Raihani.jpg\" alt=\"Chambre de commerce britannique au Maroc : Mohammed Raihani quitte la pr&#xE9;sidence\"\/><\/p>\n<p><span class=\"c5\"><strong>Mohammed Raihani a annonc\u00e9 son d\u00e9part de la pr\u00e9sidence du conseil d\u2019administration de la British Chamber of Commerce for Morocco (BritCham)<\/strong><\/span><span id=\"more-347778\"\/><\/p>\n<p>Cette d\u00e9cision a \u00e9t\u00e9 act\u00e9e lors de la r\u00e9union du conseil d\u2019administration tenue lundi 15 juin 2020. Apr\u00e8s dix ans \u00e0 la t\u00eate de cette institution, Mohammed Raihani a d\u00e9cid\u00e9 pour des raisons personnelles de mettre fin \u00e0 ses fonctions.<br \/>\u00abJe suis tr\u00e8s honor\u00e9 d\u2019avoir servi le Royaume du Maroc et le Royaume-Uni et tr\u00e8s heureux d\u2019avoir accompagn\u00e9 l\u2019essor de la Chambre en tant que pr\u00e9sident du conseil d\u2019administration. Nous avons accompli de nombreuses r\u00e9alisations et relev\u00e9 de nombreux d\u00e9fis. Je remercie et f\u00e9licite l\u2019ensemble des membres et collaborateurs de la Chambre pour le chemin parcouru\u00bb, a d\u00e9clar\u00e9 Mohammed Raihani.<br \/>Son Excellence Thomas Reilly, ambassadeur britannique au Maroc, a tenu, lui, \u00e0 exprimer sa \u00abgratitude \u00e0 Mohammed Raihani pour tout ce qu\u2019il a su proposer et mettre en \u0153uvre pour la BritCham et de ce fait, le travail formidable qu\u2019il a accompli pour les relations entre nos deux pays\u00bb.<\/p>\n<\/div>\n<p>Auteur: ALM<br \/>\n<a href=\"https:\/\/aujourdhui.ma\/economie\/chambre-de-commerce-britannique-au-maroc-mohammed-raihani-quitte-la-presidence\">Cliquez ici pour lire l&rsquo;article depuis sa source.<\/a><\/p>\n","protected":false},"excerpt":{"rendered":"<p>Mohammed Raihani a annonc\u00e9 son d\u00e9part de la pr\u00e9sidence du conseil d\u2019administration de la British Chamber of Commerce for Morocco (BritCham) Cette d\u00e9cision a \u00e9t\u00e9 act\u00e9e lors de la r\u00e9union du conseil d\u2019administration tenue lundi 15 juin 2020. Apr\u00e8s dix ans \u00e0 la t\u00eate de cette institution, Mohammed Raihani a d\u00e9cid\u00e9 pour des raisons personnelles [&hellip;]<\/p>\n","protected":false},"author":1759,"featured_media":89130,"comment_status":"closed","ping_status":"closed","sticky":false,"template":"","format":"standard","meta":{"fifu_image_url":"","fifu_image_alt":"","footnotes":""},"categories":[73,54],"tags":[],"class_list":["post-89129","post","type-post","status-publish","format-standard","has-post-thumbnail","hentry","category-actualite","category-maroc"],"_links":{"self":[{"href":"https:\/\/linitiative.ca\/International\/wp-json\/wp\/v2\/posts\/89129","targetHints":{"allow":["GET"]}}],"collection":[{"href":"https:\/\/linitiative.ca\/International\/wp-json\/wp\/v2\/posts"}],"about":[{"href":"https:\/\/linitiative.ca\/International\/wp-json\/wp\/v2\/types\/post"}],"author":[{"embeddable":true,"href":"https:\/\/linitiative.ca\/International\/wp-json\/wp\/v2\/users\/1759"}],"replies":[{"embeddable":true,"href":"https:\/\/linitiative.ca\/International\/wp-json\/wp\/v2\/comments?post=89129"}],"version-history":[{"count":0,"href":"https:\/\/linitiative.ca\/International\/wp-json\/wp\/v2\/posts\/89129\/revisions"}],"wp:featuredmedia":[{"embeddable":true,"href":"https:\/\/linitiative.ca\/International\/wp-json\/"}],"wp:attachment":[{"href":"https:\/\/linitiative.ca\/International\/wp-json\/wp\/v2\/media?parent=89129"}],"wp:term":[{"taxonomy":"category","embeddable":true,"href":"https:\/\/linitiative.ca\/International\/wp-json\/wp\/v2\/categories?post=89129"},{"taxonomy":"post_tag","embeddable":true,"href":"https:\/\/linitiative.ca\/International\/wp-json\/wp\/v2\/tags?post=89129"}],"curies":[{"name":"wp","href":"https:\/\/api.w.org\/{rel}","templated":true}]}}