{"id":89133,"date":"2020-06-16T10:05:52","date_gmt":"2020-06-16T14:05:52","guid":{"rendered":"https:\/\/linitiative.ca\/International\/coronavirus-situation-extremement-grave-a-pekin\/"},"modified":"2020-06-16T10:05:52","modified_gmt":"2020-06-16T14:05:52","slug":"coronavirus-situation-extremement-grave-a-pekin","status":"publish","type":"post","link":"https:\/\/linitiative.ca\/International\/coronavirus-situation-extremement-grave-a-pekin\/","title":{"rendered":"Coronavirus: situation \u00abextr\u00eamement grave\u00bb \u00e0 P\u00e9kin"},"content":{"rendered":"<p class=\"has-text-color has-vivid-red-color c2\"><strong>L\u2019Europe rouvre ses fronti\u00e8res<\/strong><\/p>\n<p class=\"has-text-color c3\"><strong>Reculant en Europe, o\u00f9 les fronti\u00e8res int\u00e9rieures ont \u00e9t\u00e9 rouvertes, le nouveau coronavirus resurgit en Chine o\u00f9 la situation \u00e9pid\u00e9mique \u00e0 P\u00e9kin est jug\u00e9e \u00abextr\u00eamement grave\u00bb mardi par les autorit\u00e9s de la capitale chinoise.<\/strong><\/p>\n<p>P\u00e9kin, o\u00f9 plus d\u2019une centaine de personnes ont \u00e9t\u00e9 contamin\u00e9es depuis la semaine derni\u00e8re, est engag\u00e9 dans \u00abune course contre la montre\u00bb contre le virus, a d\u00e9clar\u00e9 devant la presse le porte-parole de la mairie, Xu Hejian. Il a qualifi\u00e9 la situation d\u2019\u00abextr\u00eamement grave\u00bb.<\/p>\n<p>La ville de 21 millions d\u2019habitants a port\u00e9 sa capacit\u00e9 quotidienne de d\u00e9pistage \u00e0 plus de 90.000 personnes par jour.<\/p>\n<p>Ce rebond du nombre d\u2019infections, centr\u00e9 autour du march\u00e9 g\u00e9ant de Xinfadi, dans le Sud de la capitale, a pouss\u00e9 les autorit\u00e9s \u00e0 d\u00e9cr\u00e9ter, outre le confinement d\u2019une trentaine de zones r\u00e9sidentielles, la fermeture des sites sportifs et culturels qui venaient de rouvrir leurs portes apr\u00e8s des mois de fermeture.<\/p>\n<p>Alors que ce regain \u00e9pid\u00e9mique suscite la crainte d\u2019une \u00abdeuxi\u00e8me vague\u00bb, l\u2019Organisation mondiale de la sant\u00e9 (OMS) avait indiqu\u00e9 lundi suivre \u00abde tr\u00e8s pr\u00e8s\u00bb la situation \u00e0 P\u00e9kin et \u00e9voqu\u00e9 l\u2019envoi possible d\u2019experts suppl\u00e9mentaires dans les prochains jours. Le Covid-19 avait fait son apparition fin 2019 en Chine, \u00e0 Wuhan dans le centre du pays.<\/p>\n<p>Apr\u00e8s des mois d\u2019isolement \u00e0 l\u2019int\u00e9rieur de leurs fronti\u00e8res nationales, les Europ\u00e9ens ont en revanche retrouv\u00e9 lundi la possibilit\u00e9 de voyager chez leurs voisins en raison du recul du coronavirus.<\/p>\n<p>Estimant avoir ma\u00eetris\u00e9 la progression du Covid-19, l\u2019Allemagne, la Belgique, la France et la Gr\u00e8ce ont r\u00e9tabli la libre circulation avec tous les pays de l\u2019Union europ\u00e9enne. Et la Commission europ\u00e9enne a lanc\u00e9 lundi un site internet pour guider les Europ\u00e9ens qui souhaitent passer leurs vacances dans d\u2019autres pays de l\u2019UE.<\/p>\n<p>Ath\u00e8nes, dont l\u2019\u00e9conomie repose en grande partie sur le tourisme, va plus loin et invite les voyageurs de plusieurs r\u00e9gions hors UE, comme l\u2019Australie, la Nouvelle-Z\u00e9lande, le Japon, la Cor\u00e9e du Sud, la Chine.<\/p>\n<p>Dans l\u2019\u00eele de Santorin et son paysage de carte postale, la population guette le retour des visiteurs internationaux. \u00abNous les attendons d\u00e9sesp\u00e9r\u00e9ment. Nous avons besoin d\u2019eux, s\u2019ils ne viennent pas comment allons nous survivre?\u00bb, s\u2019impatiente Michalis Drosos, dans son magasin de souvenirs. L\u2019Espagne ouvrira le 21 juin ses fronti\u00e8res avec tous les pays de l\u2019Union europ\u00e9enne, sauf avec le Portugal.<\/p>\n<p>En France, o\u00f9 le coronavirus a fait pr\u00e8s de 30.000 morts, le ministre de la Sant\u00e9 Olivier V\u00e9ran a estim\u00e9 lundi que \u00able gros de l\u2019\u00e9pid\u00e9mie est derri\u00e8re nous\u00bb.<\/p>\n<p>Paris, ville la plus visit\u00e9e d\u2019Europe, retrouvait un peu plus son visage d\u2019avant le virus, masques en sus. Les caf\u00e9s et restaurants ont \u00e9t\u00e9 autoris\u00e9s \u00e0 rouvrir leurs salles.<\/p>\n<p>Premier pays europ\u00e9en touch\u00e9, l\u2019Italie, qui d\u00e9plore plus de 34.000 morts, avait rouvert ses fronti\u00e8res d\u00e8s le 3 juin. Mais deux nouveaux foyers ont \u00e9t\u00e9 d\u00e9tect\u00e9s ces derniers jours \u00e0 Rome.<\/p>\n<p>La Su\u00e8de, o\u00f9 les mesures de pr\u00e9cautions ont \u00e9t\u00e9 plus souples et les cas de virus plus nombreux, est pour sa part la cible de mesures plus restrictives.<\/p>\n<p>Au moins 8.000.202 cas d\u2019infection, parmi lesquels 435.176 d\u00e9c\u00e8s, ont \u00e9t\u00e9 comptabilis\u00e9s au total, notamment en Europe, continent le plus touch\u00e9 avec 2.417.902 cas (188.085 morts) et aux Etats-Unis, qui comptent le plus grand nombre de cas diagnostiqu\u00e9s(2.110.182) et de d\u00e9c\u00e8s (116.114), selon un comptage r\u00e9alis\u00e9 par l\u2019AFP \u00e0 partir de sources officielles lundi \u00e0 22h00 GMT.<\/p>\n<p>Le bilan quotidien aux Etats-Unis est rest\u00e9 lundi sous la barre des 400 morts pour le deuxi\u00e8me jour cons\u00e9cutif, l\u2019un des bilans les plus bas depuis fin mars, mais le pays continue en revanche d\u2019enregistrer quelque 20.000 nouveaux cas chaque jour.<\/p>\n<p>La pand\u00e9mie continue aussi de faire rage en Am\u00e9rique latine et aux Cara\u00efbes, qui ont d\u00e9pass\u00e9 les 80.000 d\u00e9c\u00e8s. La moiti\u00e9 sont recens\u00e9s au Br\u00e9sil qui, avec 43.959 morts est le deuxi\u00e8me pays le plus endeuill\u00e9, d\u2019apr\u00e8s les chiffres rassembl\u00e9s par l\u2019AFP. Au Chili, l\u2019\u00ab\u00e9tat d\u2019exception constitutionnel pour catastrophe\u00bb a \u00e9t\u00e9 prolong\u00e9 de trois mois pour freiner l\u2019\u00e9pid\u00e9mie.<\/p>\n<p>Face \u00e0 la pand\u00e9mie, la c\u00e9r\u00e9monie des Oscars a \u00e9t\u00e9 repouss\u00e9e de deux mois, au 25 avril, a annonc\u00e9 lundi l\u2019Acad\u00e9mie des arts et sciences du cin\u00e9ma qui remet les prestigieuses r\u00e9compenses hollywoodiennes.<\/p>\n<p>La fronti\u00e8re am\u00e9ricano-canadienne, ferm\u00e9e aux d\u00e9placements non essentiels depuis le 21 mars, devait en principe rouvrir le 21 juin, mais les deux pays n\u00e9gocient une \u00abprolongation possible\u00bb de sa fermeture, a indiqu\u00e9 le Premier ministre canadien Justin Trudeau.<\/p>\n<p>Aux Etats-Unis, les autorit\u00e9s sanitaires ont retir\u00e9 lundi l\u2019autorisation d\u2019utiliser en urgence deux traitements contre le Covid-19, la chloroquine et l\u2019hydroxychloroquine, un temps d\u00e9fendus par le pr\u00e9sident Donald Trump.<\/p>\n<p>\u00abIl n\u2019est plus raisonnable de croire que l\u2019administration par voie orale d\u2019hydroxychloroquine et de chloroquine soit efficace dans le traitement du Covid-19\u00bb, a d\u00e9clar\u00e9 dans la responsable scientifique de l\u2019Agence am\u00e9ricaine du m\u00e9dicament (FDA) Denise Hinton.<\/p>\n<p>En Turquie, le ministre de la Sant\u00e9 a insist\u00e9 sur un chiffre inqui\u00e9tant, celui du nombre de contaminations, qui a doubl\u00e9 lundi (1.592 cas) par rapport au d\u00e9but du mois de juin. Il a demand\u00e9 aux Turcs de ne pas choisir \u00able laisser-aller\u00bb mais de \u00abcombattre\u00bb le virus.<\/p>\n<p>En Inde, o\u00f9 le confinement a \u00e9t\u00e9 assoupli depuis d\u00e9but juin, l\u2019\u00e9pid\u00e9mie ne montre pas de signe de reflux, et de nombreux malades d\u00e9c\u00e8dent apr\u00e8s avoir \u00e9t\u00e9 refus\u00e9s par les h\u00f4pitaux, faute de lits, selon les m\u00e9dias.<\/p>\n<p>Ashwani Jain, un homme d\u2019affaires de New Delhi, est d\u00e9c\u00e9d\u00e9 dans une ambulance, aupr\u00e8s de sa fille de 20 ans partie en vain en qu\u00eate d\u2019une place dans un h\u00f4pital. \u00abCela leur est \u00e9gal que l\u2019on vive ou que l\u2019on meure\u00bb, a-t-elle accus\u00e9.<\/p>\n<p>Le pays a enregistr\u00e9 pr\u00e8s de 9.000 morts, et les corps s\u2019entassent dans les morgues car le personnel des cimeti\u00e8res et des cr\u00e9matoriums n\u2019arrive pas \u00e0 suivre le rythme des d\u00e9c\u00e8s.<\/p>\n<p class=\"c4\">(AFP)<\/p>\n<p>Auteur: M&rsquo;hammed rahal<br \/>\n<a href=\"http:\/\/albayane.press.ma\/coronavirus-situation-extremement-grave-a-pekin.html\">Cliquez ici pour lire l&rsquo;article depuis sa source.<\/a><\/p>\n","protected":false},"excerpt":{"rendered":"<p>L\u2019Europe rouvre ses fronti\u00e8res Reculant en Europe, o\u00f9 les fronti\u00e8res int\u00e9rieures ont \u00e9t\u00e9 rouvertes, le nouveau coronavirus resurgit en Chine o\u00f9 la situation \u00e9pid\u00e9mique \u00e0 P\u00e9kin est jug\u00e9e \u00abextr\u00eamement grave\u00bb mardi par les autorit\u00e9s de la capitale chinoise. P\u00e9kin, o\u00f9 plus d\u2019une centaine de personnes ont \u00e9t\u00e9 contamin\u00e9es depuis la semaine derni\u00e8re, est engag\u00e9 dans [&hellip;]<\/p>\n","protected":false},"author":1760,"featured_media":0,"comment_status":"closed","ping_status":"closed","sticky":false,"template":"","format":"standard","meta":{"fifu_image_url":"","fifu_image_alt":"","footnotes":""},"categories":[73,54],"tags":[],"class_list":["post-89133","post","type-post","status-publish","format-standard","hentry","category-actualite","category-maroc"],"_links":{"self":[{"href":"https:\/\/linitiative.ca\/International\/wp-json\/wp\/v2\/posts\/89133","targetHints":{"allow":["GET"]}}],"collection":[{"href":"https:\/\/linitiative.ca\/International\/wp-json\/wp\/v2\/posts"}],"about":[{"href":"https:\/\/linitiative.ca\/International\/wp-json\/wp\/v2\/types\/post"}],"author":[{"embeddable":true,"href":"https:\/\/linitiative.ca\/International\/wp-json\/wp\/v2\/users\/1760"}],"replies":[{"embeddable":true,"href":"https:\/\/linitiative.ca\/International\/wp-json\/wp\/v2\/comments?post=89133"}],"version-history":[{"count":0,"href":"https:\/\/linitiative.ca\/International\/wp-json\/wp\/v2\/posts\/89133\/revisions"}],"wp:attachment":[{"href":"https:\/\/linitiative.ca\/International\/wp-json\/wp\/v2\/media?parent=89133"}],"wp:term":[{"taxonomy":"category","embeddable":true,"href":"https:\/\/linitiative.ca\/International\/wp-json\/wp\/v2\/categories?post=89133"},{"taxonomy":"post_tag","embeddable":true,"href":"https:\/\/linitiative.ca\/International\/wp-json\/wp\/v2\/tags?post=89133"}],"curies":[{"name":"wp","href":"https:\/\/api.w.org\/{rel}","templated":true}]}}