{"id":89136,"date":"2020-06-16T11:04:33","date_gmt":"2020-06-16T15:04:33","guid":{"rendered":"https:\/\/linitiative.ca\/International\/lexecutif-salue-laction-politique-syndicale-et-civile-face-a-la-crise\/"},"modified":"2020-06-16T11:04:33","modified_gmt":"2020-06-16T15:04:33","slug":"lexecutif-salue-laction-politique-syndicale-et-civile-face-a-la-crise","status":"publish","type":"post","link":"https:\/\/linitiative.ca\/International\/lexecutif-salue-laction-politique-syndicale-et-civile-face-a-la-crise\/","title":{"rendered":"L\u2019Ex\u00e9cutif salue l\u2019action politique, syndicale et civile face \u00e0 la crise"},"content":{"rendered":"<p class=\"has-text-color c2\"><strong>Le ministre de l\u2019Int\u00e9rieur Abdelouafi Laftit a salu\u00e9, lundi \u00e0 Rabat, l\u2019action entreprise par les partis politiques, les collectivit\u00e9s territoriales, les syndicats et la soci\u00e9t\u00e9 civile pour faire face \u00e0 la pand\u00e9mie de la Covid-19.<\/strong><\/p>\n<p>R\u00e9pondant \u00e0 une question centrale \u00e0 la Chambre des repr\u00e9sentants, M. Laftit a saisi cette occasion pour saluer l\u2019engagement responsable dont ont fait preuve les citoyens face \u00e0 la Covid-19 et ses r\u00e9percussions et faire part de sa fiert\u00e9 de l\u2019action politique, syndicale et civile noble entreprise par les partis politiques, les collectivit\u00e9s territoriales, les syndicats et la soci\u00e9t\u00e9 civile durant cette p\u00e9riode et qui ont veill\u00e9 \u00e0 accomplir leur r\u00f4le constitutionnel dans l\u2019encadrement des citoyens, malgr\u00e9 la particularit\u00e9 et la difficult\u00e9 de la phase.<\/p>\n<p>Laftit a \u00e9galement pass\u00e9 en revue le bilan des interventions de son minist\u00e8re, en coordination avec l\u2019ensemble des d\u00e9partements concern\u00e9s, dans le cadre de l\u2019\u00e9tat d\u2019urgence sanitaire, soulignant que les autorit\u00e9s locales ont d\u00e9ploy\u00e9 des efforts pour imprimer et distribuer les autorisations exceptionnelles de d\u00e9placement en un temps record.<\/p>\n<p>Dans ce sens, 8,8 millions d\u2019autorisations exceptionnelles, 247.000 autorisations pour motif \u00e9conomique et 194.000 autorisations pour des consid\u00e9rations humanitaires ont \u00e9t\u00e9 distribu\u00e9es, a-t-il pr\u00e9cis\u00e9.<\/p>\n<p>Afin d\u2019assurer la r\u00e9ussite du confinement sanitaire, les d\u00e9partements concern\u00e9s ont pris l\u2019ensemble des pr\u00e9cautions et mesures n\u00e9cessaires pour la disponibilit\u00e9 des besoins de la vie quotidienne, ce qui a permis la bonne marche des circuits de distribution des denr\u00e9es de base, du carburant et d\u2019autres mati\u00e8res de premi\u00e8re n\u00e9cessit\u00e9, a-t-il affirm\u00e9.<\/p>\n<p>De m\u00eame, les autorit\u00e9s locales ont coordonn\u00e9 la distribution d\u2019une aide alimentaire d\u2019une valeur de 1,24 milliards de dirhams, au profit de quelque 3,9 millions d\u2019habitants, jusqu\u2019au 12 juin, en plus de l\u2019h\u00e9bergement de 10.900 sans abri, a not\u00e9 le ministre.<\/p>\n<p>Laftit a, par ailleurs, assur\u00e9 que 570 unit\u00e9s h\u00f4teli\u00e8re et centres h\u00e9bergement, d\u2019une capacit\u00e9 totale de 32.000 lits environ, ont \u00e9t\u00e9 mobilis\u00e9s par les autorit\u00e9s locales afin d\u2019h\u00e9berger les cadres de sant\u00e9 et les autres cadres et agents de l\u2019\u00c9tat concern\u00e9s et certains malades et personnes contacts.<\/p>\n<p>Il a aussi soulign\u00e9 l\u2019action des commissions provinciales charg\u00e9es du contr\u00f4le des unit\u00e9s commerciales et industrielles, et pr\u00e9sid\u00e9es par les autorit\u00e9s administratives locales, pr\u00e9cisant que jusqu\u2019au 12 juin, 4.652 unit\u00e9s au niveau national ont fait l\u2019objet de contr\u00f4le de respect des mesures sanitaires pr\u00e9ventives, dont 261 ont \u00e9t\u00e9 somm\u00e9es de respecter ces dispositions.<\/p>\n<p>Les autorit\u00e9s locales ont \u00e9galement accompagn\u00e9 l\u2019op\u00e9ration de d\u00e9pistage parmi les employ\u00e9s des soci\u00e9t\u00e9s, unit\u00e9s industrielles, \u00e9tablissements bancaires et grandes surfaces, le personnel et les d\u00e9tenus des \u00e9tablissements p\u00e9nitentiaires et les chauffeurs de taxis et au sein des march\u00e9s de gros de l\u00e9gumes et fruits et du poisson, des abattoirs et des stations services, a-t-il fait observer.<\/p>\n<p>Dans ce sens, jusqu\u2019au 12 juin, les analyses ont concern\u00e9 plus de 200.000 personnes (dont 857 cas positifs), au niveau de 4.827 unit\u00e9s commerciales, industrielles et bancaires, ainsi que 51.500 chauffeurs de taxis (18 cas positifs) sur l\u2019ensemble du territoire national.<\/p>\n<p>Dans le m\u00eame \u00e9lan de mobilisation, et conform\u00e9ment aux instructions royales et en coordination avec le minist\u00e8re de la sant\u00e9 et la CGEM, les autorit\u00e9s locales ont accompagn\u00e9 une vaste campagne de d\u00e9pistage men\u00e9e au sein des entreprises en vue d\u2019assurer les meilleures conditions de reprise des activit\u00e9s \u00e9conomiques.<\/p>\n<p>Toutes ces initiatives n\u00e9cessitent l\u2019adh\u00e9sion des citoyennes et des citoyens dans les efforts d\u00e9ploy\u00e9s en mati\u00e8re de pr\u00e9vention, a-t-il dit, appelant tous \u00e0 t\u00e9l\u00e9charger l\u2019application de notification d\u2019exposition au Coronavirus COVID-19, qui permettra de disposer d\u2019un canal suppl\u00e9mentaire d\u2019identification et de suivi des cas contacts et de prendre les mesures n\u00e9cessaires pour ma\u00eetriser la propagation de la pand\u00e9mie.<\/p>\n<p>Par ailleurs, le ministre de l\u2019int\u00e9rieur a soulign\u00e9 que les collectivit\u00e9s territoriales, dont les conseils r\u00e9gionaux, provinciaux et locaux, se sont mobilis\u00e9s pour assumer pleinement leur r\u00f4le dans le cadre des efforts de lutte contre le virus, \u00e0 travers les diff\u00e9rentes interventions men\u00e9es en coordination et en compl\u00e9mentarit\u00e9 avec les autorit\u00e9s locales, soit en ce qui concerne la pr\u00e9servation d\u2019un meilleur niveau de prestations de base, ou au niveau des campagnes de d\u00e9sinfection des espaces publics et des moyens de transport.<\/p>\n<p>Dans ce sens, le ministre a indiqu\u00e9 que plusieurs circulaires ont \u00e9t\u00e9 adress\u00e9es aux walis et gouverneurs, relatives \u00e0 l\u2019autorisation aux pr\u00e9sidents des collectivit\u00e9s territoriales de proc\u00e9der \u00e0 des transferts d\u2019urgence pour endiguer la propagation du virus et soutenir les services d\u2019hygi\u00e8ne, ainsi que la mobilisation des \u00e9quipements et des employ\u00e9s, le respect des orientations relatives aux mesures d\u2019enterrement des victimes et l\u2019interdiction de l\u2019utilisation ill\u00e9gale des eaux us\u00e9es.<\/p>\n<p>Le ministre a affirm\u00e9 dans ce sens que le gouvernement \u0153uvrera \u00e0 accompagner les collectivit\u00e9s territoriales et les circonscriptions dans le processus de retour progressif \u00e0 la normale, apr\u00e8s la lev\u00e9e du confinement, \u00e0 travers des mesures appropri\u00e9es, notamment l\u2019activation de leur pr\u00e9rogative li\u00e9e \u00e0 la pr\u00e9servation de la sant\u00e9 publique, des fonctionnaires et des usagers des services publics.<\/p>\n<p>Gr\u00e2ce aux hautes orientations royales, le Royaume du Maroc a agi avec fermet\u00e9 et pris des mesures pr\u00e9ventives et de solidarit\u00e9 n\u00e9cessaires, d\u2019une mani\u00e8re anticip\u00e9e et courageuse, selon une approche strat\u00e9gique et m\u00e9thodique bien \u00e9tudi\u00e9e, ce qui a permis de r\u00e9aliser des r\u00e9sultats positifs, s\u2019est-il f\u00e9licit\u00e9.<\/p>\n<p>Mais face \u00e0 la menace qui persiste, le ministre a appel\u00e9 l\u2019ensemble des citoyennes et des citoyens \u00e0 rester vigilants et \u00e0 respecter les mesures de pr\u00e9vention annonc\u00e9es, soulignant que la prochaine \u00e9tape a besoin de plus de vigilance et d\u2019un sens \u00e9lev\u00e9 de citoyennet\u00e9 et d\u2019adh\u00e9sion effective, en vue de renforcer les efforts nationaux d\u00e9ploy\u00e9s pour la pr\u00e9servation des acquis auxquels a contribu\u00e9 tout le monde, a dit le ministre.<\/p>\n<p>L\u2019histoire retiendra la politique sage et la c\u00e9l\u00e9rit\u00e9 de l\u2019intervention de l\u2019\u00e9tat marocain dans la riposte, en prenant des mesures souverains et proactifs en vue prot\u00e9ger la sant\u00e9 du citoyen et en pla\u00e7ant ses int\u00e9r\u00eats \u00e0 la t\u00eate des priorit\u00e9s et des grands choix nationaux, a-t-il conclu.<\/p>\n<p>Auteur: M&rsquo;hammed rahal<br \/>\n<a href=\"http:\/\/albayane.press.ma\/lexecutif-salue-laction-politique-syndicale-et-civile-face-a-la-crise.html\">Cliquez ici pour lire l&rsquo;article depuis sa source.<\/a><\/p>\n","protected":false},"excerpt":{"rendered":"<p>Le ministre de l\u2019Int\u00e9rieur Abdelouafi Laftit a salu\u00e9, lundi \u00e0 Rabat, l\u2019action entreprise par les partis politiques, les collectivit\u00e9s territoriales, les syndicats et la soci\u00e9t\u00e9 civile pour faire face \u00e0 la pand\u00e9mie de la Covid-19. R\u00e9pondant \u00e0 une question centrale \u00e0 la Chambre des repr\u00e9sentants, M. Laftit a saisi cette occasion pour saluer l\u2019engagement responsable [&hellip;]<\/p>\n","protected":false},"author":1760,"featured_media":0,"comment_status":"closed","ping_status":"closed","sticky":false,"template":"","format":"standard","meta":{"fifu_image_url":"","fifu_image_alt":"","footnotes":""},"categories":[73,54],"tags":[],"class_list":["post-89136","post","type-post","status-publish","format-standard","hentry","category-actualite","category-maroc"],"_links":{"self":[{"href":"https:\/\/linitiative.ca\/International\/wp-json\/wp\/v2\/posts\/89136","targetHints":{"allow":["GET"]}}],"collection":[{"href":"https:\/\/linitiative.ca\/International\/wp-json\/wp\/v2\/posts"}],"about":[{"href":"https:\/\/linitiative.ca\/International\/wp-json\/wp\/v2\/types\/post"}],"author":[{"embeddable":true,"href":"https:\/\/linitiative.ca\/International\/wp-json\/wp\/v2\/users\/1760"}],"replies":[{"embeddable":true,"href":"https:\/\/linitiative.ca\/International\/wp-json\/wp\/v2\/comments?post=89136"}],"version-history":[{"count":0,"href":"https:\/\/linitiative.ca\/International\/wp-json\/wp\/v2\/posts\/89136\/revisions"}],"wp:attachment":[{"href":"https:\/\/linitiative.ca\/International\/wp-json\/wp\/v2\/media?parent=89136"}],"wp:term":[{"taxonomy":"category","embeddable":true,"href":"https:\/\/linitiative.ca\/International\/wp-json\/wp\/v2\/categories?post=89136"},{"taxonomy":"post_tag","embeddable":true,"href":"https:\/\/linitiative.ca\/International\/wp-json\/wp\/v2\/tags?post=89136"}],"curies":[{"name":"wp","href":"https:\/\/api.w.org\/{rel}","templated":true}]}}