{"id":89137,"date":"2020-06-16T11:10:03","date_gmt":"2020-06-16T15:10:03","guid":{"rendered":"https:\/\/linitiative.ca\/International\/le-maroc-en-soutien-a-ses-confreres-africains\/"},"modified":"2020-06-16T11:10:03","modified_gmt":"2020-06-16T15:10:03","slug":"le-maroc-en-soutien-a-ses-confreres-africains","status":"publish","type":"post","link":"https:\/\/linitiative.ca\/International\/le-maroc-en-soutien-a-ses-confreres-africains\/","title":{"rendered":"Le Maroc en soutien \u00e0 ses confr\u00e8res africains"},"content":{"rendered":"<p class=\"has-text-color c2\"><strong>Sur instruction du Souverain, le Maroc vient de faire retentir le cri de c\u0153ur comme il l\u2019a constamment fait, dans les moments cruciaux. Le son africain de notre pays a, une fois de plus, r\u00e9sonn\u00e9 dans les quatre coins du continent noir.<\/strong><\/p>\n<p>Une quinzaine de nations a senti vrombir les avions du pont a\u00e9rien tendu par le royaume sur une kyrielle de contr\u00e9es, au moment o\u00f9 la pand\u00e9mie s\u2019en allait s\u2019y loger, \u00e0 grandes enjamb\u00e9es. Ce nouvel acte de haute charge humaniste fait long feu, depuis le d\u00e9clenchement du virus, un peu partout sur la plan\u00e8te.<\/p>\n<p>On retiendra l\u2019initiative royale qui consistait \u00e0 f\u00e9d\u00e9rer les efforts sud-sud, pour transcender, de concert, les \u00e9cueils \u00e9pid\u00e9miques. En d\u00e9pit des contraintes auxquelles il fait face, notre pays trouve toujours le moyen de venir en aide, sans nulle tergiversation, aux peuples de son appartenance g\u00e9ographique. Il y a lieu de rappeler que ces cargaisons \u00e0 flots contiennent diverses fabriques m\u00e9dicales et pharmaceutiques que notre pays avait fi\u00e8rement exhib\u00e9, en pleine virulence virale.<\/p>\n<p>Par ce louable geste qui fait admirer non seulement les peuples africains concern\u00e9s, mais aussi l\u2019ensemble des nations de la plan\u00e8te. L\u2019ampleur et la diversit\u00e9 de ces assistances incarnent une ouverture sur les diff\u00e9rentes susceptibilit\u00e9s africaines au-del\u00e0 desquelles notre pays met \u00e0 l\u2019\u00e9cart face \u00e0 la causticit\u00e9 de la covid-19.<\/p>\n<p>En fait, le message Majestueux du Roi du Maroc, en janvier 2017, sur la sc\u00e8ne officielle de l\u2019Unit\u00e9 Africaine, apr\u00e8s une longue rupture, confortait cet attachement sans faille aux racines africaines. Depuis, la constance de cette d\u00e9votion ind\u00e9fectible ne fait que se manifester, \u00e0 chaque fois que le besoin se fait ressentir, en direction des peuples du continent.<\/p>\n<p>Il ne fait donc pas de doute que les liens liant notre pays \u00e0 son origine n\u2019est nullement un slogan de fa\u00e7ade voire de luxe qu\u2019on arbore de mani\u00e8re superficielle. Mais, une conviction profonde qui anime tant les gouvernants que les gouvern\u00e9s.<\/p>\n<p>De m\u00eame, cette conduite africaniste que notre pays brandit haut et fort et sans aucun \u00e9quivoque, est dict\u00e9e par l\u2019histoire commune, brod\u00e9e par les mouvements traditionnels des leaders africains, sous les jougs du colonialisme et les carcans du sous d\u00e9veloppement.<\/p>\n<p>Aujourd\u2019hui, les enjeux du continent sont aussi complexes qu\u2019\u00e9pineux et le Maroc en est visc\u00e9ralement conscient. La coop\u00e9ration gagnant-gagnant qui est cens\u00e9e s\u2019\u00e9difier, \u00e0 fortiori, sur la base de la compr\u00e9hension, demeure le souci majeur de notre pays.<\/p>\n<p>Cette approche imbue de volont\u00e9 unioniste est, sans nul doute, combattue farouchement par des attitudes belliqueuses et conqu\u00e9rantes de certains chefs d\u2019Etat africains. Le cas du Maroc lui-m\u00eame, est \u00abmalmen\u00e9\u00bb par un voisinage militariste et autocratique qui ne fait que capoter toute tentative d\u2019union \u00e9difiante.<\/p>\n<p>La pr\u00e9occupation africaine que notre pays s\u2019est appropri\u00e9e \u00e0 bras le corps, afin d\u2019assurer les conditions idoines de l\u2019essor attendu, poursuit son bonhomme de chemin, malgr\u00e9 l\u2019entrave malintentionn\u00e9e des ennemis de la d\u00e9mocratie et la justice africaines.<\/p>\n<p>En revanche, le Maroc restera fid\u00e8le au principe in\u00e9branlable de l\u2019africanit\u00e9, puisqu\u2019il est convaincu du dessein \u00abflorissant\u00bb du continent. Il y va avec foi et d\u00e9termination, \u00e0 travers la mise en avant des projets d\u2019envergure, tel le gazoduc qu\u2019il compte \u00e9tendre jusqu\u2019au Nigeria, un pays encore sous le \u00abcharme\u00bb de l\u2019illusionnisme des galons alg\u00e9rois.<\/p>\n<p>A pr\u00e9sent encore, il r\u00e9it\u00e8re sa besogne unitaire, en ce temps end\u00e9mique, \u00e0 l\u2019adresse de l\u2019Afrique. Un jalon \u00e9difiant dans l\u2019\u00e9chafaudage de l\u2019avenir africain! \u00a0\u00a0\u00a0\u00a0\u00a0\u00a0\u00a0\u00a0\u00a0\u00a0\u00a0\u00a0\u00a0\u00a0\u00a0\u00a0\u00a0\u00a0\u00a0\u00a0\u00a0<\/p>\n<p>Auteur: M&rsquo;hammed rahal<br \/>\n<a href=\"http:\/\/albayane.press.ma\/le-maroc-en-soutien-a-ses-confreres-africains.html\">Cliquez ici pour lire l&rsquo;article depuis sa source.<\/a><\/p>\n","protected":false},"excerpt":{"rendered":"<p>Sur instruction du Souverain, le Maroc vient de faire retentir le cri de c\u0153ur comme il l\u2019a constamment fait, dans les moments cruciaux. Le son africain de notre pays a, une fois de plus, r\u00e9sonn\u00e9 dans les quatre coins du continent noir. Une quinzaine de nations a senti vrombir les avions du pont a\u00e9rien tendu [&hellip;]<\/p>\n","protected":false},"author":1760,"featured_media":0,"comment_status":"closed","ping_status":"closed","sticky":false,"template":"","format":"standard","meta":{"fifu_image_url":"","fifu_image_alt":"","footnotes":""},"categories":[73,54],"tags":[],"class_list":["post-89137","post","type-post","status-publish","format-standard","hentry","category-actualite","category-maroc"],"_links":{"self":[{"href":"https:\/\/linitiative.ca\/International\/wp-json\/wp\/v2\/posts\/89137","targetHints":{"allow":["GET"]}}],"collection":[{"href":"https:\/\/linitiative.ca\/International\/wp-json\/wp\/v2\/posts"}],"about":[{"href":"https:\/\/linitiative.ca\/International\/wp-json\/wp\/v2\/types\/post"}],"author":[{"embeddable":true,"href":"https:\/\/linitiative.ca\/International\/wp-json\/wp\/v2\/users\/1760"}],"replies":[{"embeddable":true,"href":"https:\/\/linitiative.ca\/International\/wp-json\/wp\/v2\/comments?post=89137"}],"version-history":[{"count":0,"href":"https:\/\/linitiative.ca\/International\/wp-json\/wp\/v2\/posts\/89137\/revisions"}],"wp:attachment":[{"href":"https:\/\/linitiative.ca\/International\/wp-json\/wp\/v2\/media?parent=89137"}],"wp:term":[{"taxonomy":"category","embeddable":true,"href":"https:\/\/linitiative.ca\/International\/wp-json\/wp\/v2\/categories?post=89137"},{"taxonomy":"post_tag","embeddable":true,"href":"https:\/\/linitiative.ca\/International\/wp-json\/wp\/v2\/tags?post=89137"}],"curies":[{"name":"wp","href":"https:\/\/api.w.org\/{rel}","templated":true}]}}