{"id":89138,"date":"2020-06-16T09:31:25","date_gmt":"2020-06-16T13:31:25","guid":{"rendered":"https:\/\/linitiative.ca\/International\/signe-par-lapii-et-la-giz-contrat-de-financement-pour-soutenir-les-pme\/"},"modified":"2020-06-16T09:31:25","modified_gmt":"2020-06-16T13:31:25","slug":"signe-par-lapii-et-la-giz-contrat-de-financement-pour-soutenir-les-pme","status":"publish","type":"post","link":"https:\/\/linitiative.ca\/International\/signe-par-lapii-et-la-giz-contrat-de-financement-pour-soutenir-les-pme\/","title":{"rendered":"Sign\u00e9 par l\u2019APII et la GIZ : Contrat de financement pour soutenir les PME"},"content":{"rendered":"<p>L\u2019Agence de Promotion de l\u2019Industrie et de l\u2019Innovation (APII) et l\u2019Agence de coop\u00e9ration internationale Allemande pour le D\u00e9veloppement (GIZ) ont sign\u00e9, lundi, un contrat de financement, de 800 mille euros (2584 mille dinars), afin de mettre en place un nouveau programme d\u2019appui aux Petites et moyennes entreprises.<\/p>\n<p>L\u2019objectif de ce programme est d\u2019aider ces entreprises \u00e0 faire face aux effets n\u00e9fastes de la pand\u00e9mie du Covid-19, indique un communiqu\u00e9 publi\u00e9 par la GIZ. Dans le cadre de ce contrat, la GIZ a mis \u00e0 la disposition de l\u2019APII, un budget qui sera disponible de juillet 2020 jusqu\u2019\u00e0 ao\u00fbt 2022, pour la mise en place d\u2019un fonds de financement des d\u00e9penses engag\u00e9es par les PME des secteurs de l\u2019automobile et de l\u2019a\u00e9ronautique et qui sont li\u00e9s aux nouvelles mesures de protection contre le Covid-19.Ce contrat de financement s\u2019inscrit dans le cadre du projet \u00ab Partenariat pour l\u2019emploi et l\u2019appui aux moyennes entreprises en Tunisie \u00bb de la GIZ. Ce projet fait partie de l\u2019Initiative sp\u00e9ciale de Formation et emploi mandat\u00e9e par le Minist\u00e8re allemand de la coop\u00e9ration \u00e9conomique et du D\u00e9veloppement et mis en \u0153uvre en \u00e9troite collaboration avec le minist\u00e8re de l\u2019Industrie et des PME.<\/p>\n<div class=\"wp-post-author-wrap wp-post-author-shortcode left\">\n<h3 class=\"awpa-title\"\/>\n<div class=\"wp-post-author\">\n<div class=\"awpa-img awpa-author-block square\"><a href=\"http:\/\/lexpertjournal.net\/fr\/?author=5\"><img loading=\"lazy\" decoding=\"async\" alt=\"\" src=\"http:\/\/0.gravatar.com\/avatar\/97f8e10a1c1125ba104a76514ee07b16?s=150&amp;d=mm&amp;r=g\" srcset=\"http:\/\/0.gravatar.com\/avatar\/97f8e10a1c1125ba104a76514ee07b16?s=300&amp;d=mm&amp;r=g 2x\" class=\"avatar avatar-150 photo\" height=\"150\" width=\"150\"\/><\/a><\/div>\n<\/div>\n<\/div>\n<aside class=\"mashsb-container mashsb-main mashsb-stretched\">\n<\/aside>\n<p>Auteur: L&rsquo;expert<br \/>\n<a href=\"http:\/\/lexpertjournal.net\/fr\/?p=15254\">Cliquez ici pour lire l&rsquo;article depuis sa source.<\/a><\/p>\n","protected":false},"excerpt":{"rendered":"<p>L\u2019Agence de Promotion de l\u2019Industrie et de l\u2019Innovation (APII) et l\u2019Agence de coop\u00e9ration internationale Allemande pour le D\u00e9veloppement (GIZ) ont sign\u00e9, lundi, un contrat de financement, de 800 mille euros (2584 mille dinars), afin de mettre en place un nouveau programme d\u2019appui aux Petites et moyennes entreprises. L\u2019objectif de ce programme est d\u2019aider ces entreprises [&hellip;]<\/p>\n","protected":false},"author":1775,"featured_media":0,"comment_status":"closed","ping_status":"closed","sticky":false,"template":"","format":"standard","meta":{"fifu_image_url":"","fifu_image_alt":"","footnotes":""},"categories":[78,55],"tags":[],"class_list":["post-89138","post","type-post","status-publish","format-standard","hentry","category-economie","category-tunisie"],"_links":{"self":[{"href":"https:\/\/linitiative.ca\/International\/wp-json\/wp\/v2\/posts\/89138","targetHints":{"allow":["GET"]}}],"collection":[{"href":"https:\/\/linitiative.ca\/International\/wp-json\/wp\/v2\/posts"}],"about":[{"href":"https:\/\/linitiative.ca\/International\/wp-json\/wp\/v2\/types\/post"}],"author":[{"embeddable":true,"href":"https:\/\/linitiative.ca\/International\/wp-json\/wp\/v2\/users\/1775"}],"replies":[{"embeddable":true,"href":"https:\/\/linitiative.ca\/International\/wp-json\/wp\/v2\/comments?post=89138"}],"version-history":[{"count":0,"href":"https:\/\/linitiative.ca\/International\/wp-json\/wp\/v2\/posts\/89138\/revisions"}],"wp:attachment":[{"href":"https:\/\/linitiative.ca\/International\/wp-json\/wp\/v2\/media?parent=89138"}],"wp:term":[{"taxonomy":"category","embeddable":true,"href":"https:\/\/linitiative.ca\/International\/wp-json\/wp\/v2\/categories?post=89138"},{"taxonomy":"post_tag","embeddable":true,"href":"https:\/\/linitiative.ca\/International\/wp-json\/wp\/v2\/tags?post=89138"}],"curies":[{"name":"wp","href":"https:\/\/api.w.org\/{rel}","templated":true}]}}