{"id":89147,"date":"2020-06-16T08:45:00","date_gmt":"2020-06-16T12:45:00","guid":{"rendered":"https:\/\/linitiative.ca\/International\/le-pad-favorable-a-la-reprise-du-hirak-des-que-les-conditions-sanitaires-le-permettent\/"},"modified":"2020-06-16T08:45:00","modified_gmt":"2020-06-16T12:45:00","slug":"le-pad-favorable-a-la-reprise-du-hirak-des-que-les-conditions-sanitaires-le-permettent","status":"publish","type":"post","link":"https:\/\/linitiative.ca\/International\/le-pad-favorable-a-la-reprise-du-hirak-des-que-les-conditions-sanitaires-le-permettent\/","title":{"rendered":"Le PAD favorable \u00e0 la reprise du hirak\u2026 \u00abd\u00e8s que les conditions sanitaires le permettent\u00bb"},"content":{"rendered":"<div id=\"originalText\" readability=\"49\">\n<p>Les forces du Pacte de l\u2019Alternative D\u00e9mocratique ont appel\u00e9, ce mardi, \u00ables Alg\u00e9riens \u00e0 demeurer mobilis\u00e9s mais vigilants pour s\u2019engager avec force dans la reprise effective des manifestations pacifiques d\u00e8s que les conditions sanitaires de l\u2019endiguement de l\u2019\u00e9pid\u00e9mie de la COVID 19 le permettent\u00bb.<\/p>\n<p>Le PAD, qui rendait public un communiqu\u00e9 sur sa page facebook, en d\u00e9but d\u2019apr\u00e8s-midi, \u00a0pr\u00e9cise qu\u2019il contribuera \u00ab\u00e0 soutenir toutes les luttes politiques et sociales citoyennes\u00bb.<\/p>\n<p>A signaler que des appels sur les r\u00e9seaux sociaux encouragent, ces derniers jours, la reprise des manifestations citoyennes d\u00e8s vendredi 19 juin, malgr\u00e9 le confinement sanitaire toujours en cours.<\/p>\n<p class=\"c6\"><strong>\u00a0R\u00e9daction Web<\/strong><\/p>\n<\/div>\n<div id=\"text_core\" readability=\"49\">\n<p>Les forces du Pacte de l\u2019Alternative D\u00e9mocratique ont appel\u00e9, ce mardi, \u00ables Alg\u00e9riens \u00e0 demeurer mobilis\u00e9s mais vigilants pour s\u2019engager avec force dans la reprise effective des manifestations pacifiques d\u00e8s que les conditions sanitaires de l\u2019endiguement de l\u2019\u00e9pid\u00e9mie de la COVID 19 le permettent\u00bb.<\/p>\n<p>Le PAD, qui rendait public un communiqu\u00e9 sur sa page facebook, en d\u00e9but d\u2019apr\u00e8s-midi, \u00a0pr\u00e9cise qu\u2019il contribuera \u00ab\u00e0 soutenir toutes les luttes politiques et sociales citoyennes\u00bb.<\/p>\n<p>A signaler que des appels sur les r\u00e9seaux sociaux encouragent, ces derniers jours, la reprise des manifestations citoyennes d\u00e8s vendredi 19 juin, malgr\u00e9 le confinement sanitaire toujours en cours.<\/p>\n<p class=\"c6\"><strong>\u00a0R\u00e9daction Web<\/strong><\/p>\n<\/div>\n<p>Auteur:<br \/>\n<a href=\"https:\/\/www.liberte-algerie.com\/actualite\/le-pad-favorable-a-la-reprise-du-hirak-des-que-les-conditions-sanitaires-le-permettent-340384\">Cliquez ici pour lire l&rsquo;article depuis sa source.<\/a><\/p>\n","protected":false},"excerpt":{"rendered":"<p>Les forces du Pacte de l\u2019Alternative D\u00e9mocratique ont appel\u00e9, ce mardi, \u00ables Alg\u00e9riens \u00e0 demeurer mobilis\u00e9s mais vigilants pour s\u2019engager avec force dans la reprise effective des manifestations pacifiques d\u00e8s que les conditions sanitaires de l\u2019endiguement de l\u2019\u00e9pid\u00e9mie de la COVID 19 le permettent\u00bb. Le PAD, qui rendait public un communiqu\u00e9 sur sa page facebook, [&hellip;]<\/p>\n","protected":false},"author":1742,"featured_media":0,"comment_status":"closed","ping_status":"closed","sticky":false,"template":"","format":"standard","meta":{"fifu_image_url":"","fifu_image_alt":"","footnotes":""},"categories":[73,53],"tags":[],"class_list":["post-89147","post","type-post","status-publish","format-standard","hentry","category-actualite","category-algerie"],"_links":{"self":[{"href":"https:\/\/linitiative.ca\/International\/wp-json\/wp\/v2\/posts\/89147","targetHints":{"allow":["GET"]}}],"collection":[{"href":"https:\/\/linitiative.ca\/International\/wp-json\/wp\/v2\/posts"}],"about":[{"href":"https:\/\/linitiative.ca\/International\/wp-json\/wp\/v2\/types\/post"}],"author":[{"embeddable":true,"href":"https:\/\/linitiative.ca\/International\/wp-json\/wp\/v2\/users\/1742"}],"replies":[{"embeddable":true,"href":"https:\/\/linitiative.ca\/International\/wp-json\/wp\/v2\/comments?post=89147"}],"version-history":[{"count":0,"href":"https:\/\/linitiative.ca\/International\/wp-json\/wp\/v2\/posts\/89147\/revisions"}],"wp:attachment":[{"href":"https:\/\/linitiative.ca\/International\/wp-json\/wp\/v2\/media?parent=89147"}],"wp:term":[{"taxonomy":"category","embeddable":true,"href":"https:\/\/linitiative.ca\/International\/wp-json\/wp\/v2\/categories?post=89147"},{"taxonomy":"post_tag","embeddable":true,"href":"https:\/\/linitiative.ca\/International\/wp-json\/wp\/v2\/tags?post=89147"}],"curies":[{"name":"wp","href":"https:\/\/api.w.org\/{rel}","templated":true}]}}