{"id":89152,"date":"2020-06-16T07:15:50","date_gmt":"2020-06-16T11:15:50","guid":{"rendered":"https:\/\/linitiative.ca\/International\/immobilier-reunion-pour-la-relance-de-linvestissement\/"},"modified":"2020-06-16T07:15:50","modified_gmt":"2020-06-16T11:15:50","slug":"immobilier-reunion-pour-la-relance-de-linvestissement","status":"publish","type":"post","link":"https:\/\/linitiative.ca\/International\/immobilier-reunion-pour-la-relance-de-linvestissement\/","title":{"rendered":"Immobilier: R\u00e9union pour la relance de l\u2019investissement"},"content":{"rendered":"<div readability=\"37\">\n<p>Safi \u2013 Une r\u00e9union de coordination a \u00e9t\u00e9 tenue, r\u00e9cemment, par l\u2019Agence Urbaine de Safi-Youssoufia (AUSY) avec la section de Safi de l\u2019Ordre r\u00e9gional des architectes, en vue de contribuer \u00e0 la relance et \u00e0 l\u2019accompagnement de l\u2019investissement dans le domaine de l\u2019immobilier.<\/p>\n<\/div>\n<div readability=\"84\">\n<p>Cette rencontre, qui s\u2019inscrit dans le cadre du cycle de concertations men\u00e9es par l\u2019AUSY avec les diff\u00e9rents partenaires et ordres professionnels, a \u00e9t\u00e9 consacr\u00e9e \u00e0 la discussion des dispositions de la circulaire minist\u00e9rielle n\u00b0209, relative au r\u00e9examen des dossiers des permis de construction, qui n\u2019ont pas re\u00e7u l\u2019aval du comit\u00e9 technique charg\u00e9 de l\u2019instruction des projets de morcellement, de lotissement et de cr\u00e9ation de groupements d\u2019habitations, ou qui ont \u00e9t\u00e9 ajourn\u00e9s.<\/p>\n<p>Elle a \u00e9t\u00e9 aussi ax\u00e9e sur les moyens de mettre en \u0153uvre les dispositions de cette circulaire pour donner une nouvelle impulsion \u00e0 l\u2019investissement dans le domaine de l\u2019immobilier.<\/p>\n<p>A cette occasion, le directeur de l\u2019AUSY, Mustapha El Ariche, a rappel\u00e9 les efforts d\u00e9ploy\u00e9s par l\u2019agence pour la mise en \u0153uvre de l\u2019administration num\u00e9rique afin de garantir la continuit\u00e9 et la qualit\u00e9 du service public et l\u2019adoption de la gestion d\u00e9mat\u00e9rialis\u00e9e des services pour l\u2019obtention de la note de renseignement urbanistique \u00ab\u00a0E-note\u00a0\u00bb et la pr\u00e9-instruction des projets.<\/p>\n<p>M. El Ariche a aussi mis l\u2019accent sur la d\u00e9mat\u00e9rialisation des services rendus aux usagers (prise de rendez-vous, consultations \u00e0 distance, E-note de renseignement urbanistique, E-requ\u00eates, E-r\u00e9sultats des commissions, E-pr\u00e9-instruction des dossiers, consultation des documents d\u2019urbanisme sur le portail g\u00e9ographique et vente des documents), insistant sur l\u2019importance de la pr\u00e9-instruction des projets en tant que m\u00e9canisme susceptible d\u2019acc\u00e9l\u00e9rer leur \u00e9laboration avant leur soumission aux comit\u00e9s techniques comp\u00e9tents.<\/p>\n<p>De leur c\u00f4t\u00e9, les repr\u00e9sentants de l\u2019ordre ont estim\u00e9 que le passage de l\u2019agence urbaine de Safi-Youssoufia \u00e0 l\u2019e-administration est devenu une n\u00e9cessit\u00e9 imp\u00e9rieuse, notant que cette gestion \u00e9lectronique est de nature \u00e0 acc\u00e9l\u00e9rer l\u2019\u00e9laboration des projets pour leur pr\u00e9sentation aux comit\u00e9s techniques.<\/p>\n<p>Ils ont ajout\u00e9 que cette op\u00e9ration est susceptible de r\u00e9aliser des gains en termes d\u2019efforts et de temps pour la redynamisation de l\u2019\u00e9conomie nationale et locale, exprimant leur adh\u00e9sion inconditionnelle \u00e0 toutes les initiatives \u00e0 m\u00eame d\u2019acc\u00e9l\u00e9rer la cadence de l\u2019examen et de l\u2019instruction des dossiers.<\/p>\n<p>Au terme de cette r\u00e9union, les participants ont salu\u00e9 l\u2019initiative de l\u2019AUSY de tenir cette rencontre et appel\u00e9 \u00e0 la f\u00e9d\u00e9ration des efforts, \u00e0 la coordination et \u00e0 la concertation pour transcender les contraintes que conna\u00eet le secteur de l\u2019urbanisme et de la construction en g\u00e9n\u00e9ral.<\/p>\n<\/div>\n<p>Auteur: Meriem IGASS<br \/>\n<a href=\"http:\/\/www.mapmarrakech.ma\/fr\/immobilier-reunion-de-coordination-pour-la-relance-de-linvestissement\/\">Cliquez ici pour lire l&rsquo;article depuis sa source.<\/a><\/p>\n","protected":false},"excerpt":{"rendered":"<p>Safi \u2013 Une r\u00e9union de coordination a \u00e9t\u00e9 tenue, r\u00e9cemment, par l\u2019Agence Urbaine de Safi-Youssoufia (AUSY) avec la section de Safi de l\u2019Ordre r\u00e9gional des architectes, en vue de contribuer \u00e0 la relance et \u00e0 l\u2019accompagnement de l\u2019investissement dans le domaine de l\u2019immobilier. Cette rencontre, qui s\u2019inscrit dans le cadre du cycle de concertations men\u00e9es [&hellip;]<\/p>\n","protected":false},"author":1788,"featured_media":0,"comment_status":"closed","ping_status":"closed","sticky":false,"template":"","format":"standard","meta":{"fifu_image_url":"","fifu_image_alt":"","footnotes":""},"categories":[54,76],"tags":[],"class_list":["post-89152","post","type-post","status-publish","format-standard","hentry","category-maroc","category-regions"],"_links":{"self":[{"href":"https:\/\/linitiative.ca\/International\/wp-json\/wp\/v2\/posts\/89152","targetHints":{"allow":["GET"]}}],"collection":[{"href":"https:\/\/linitiative.ca\/International\/wp-json\/wp\/v2\/posts"}],"about":[{"href":"https:\/\/linitiative.ca\/International\/wp-json\/wp\/v2\/types\/post"}],"author":[{"embeddable":true,"href":"https:\/\/linitiative.ca\/International\/wp-json\/wp\/v2\/users\/1788"}],"replies":[{"embeddable":true,"href":"https:\/\/linitiative.ca\/International\/wp-json\/wp\/v2\/comments?post=89152"}],"version-history":[{"count":0,"href":"https:\/\/linitiative.ca\/International\/wp-json\/wp\/v2\/posts\/89152\/revisions"}],"wp:attachment":[{"href":"https:\/\/linitiative.ca\/International\/wp-json\/wp\/v2\/media?parent=89152"}],"wp:term":[{"taxonomy":"category","embeddable":true,"href":"https:\/\/linitiative.ca\/International\/wp-json\/wp\/v2\/categories?post=89152"},{"taxonomy":"post_tag","embeddable":true,"href":"https:\/\/linitiative.ca\/International\/wp-json\/wp\/v2\/tags?post=89152"}],"curies":[{"name":"wp","href":"https:\/\/api.w.org\/{rel}","templated":true}]}}