{"id":89155,"date":"2020-06-16T07:56:18","date_gmt":"2020-06-16T11:56:18","guid":{"rendered":"https:\/\/linitiative.ca\/International\/ouvrage-sur-la-diversite-culturelle-a-lere-du-numerique\/"},"modified":"2020-06-16T07:56:18","modified_gmt":"2020-06-16T11:56:18","slug":"ouvrage-sur-la-diversite-culturelle-a-lere-du-numerique","status":"publish","type":"post","link":"https:\/\/linitiative.ca\/International\/ouvrage-sur-la-diversite-culturelle-a-lere-du-numerique\/","title":{"rendered":"Ouvrage sur la diversit\u00e9 culturelle \u00e0 l\u2019\u00e8re du num\u00e9rique"},"content":{"rendered":"<div readability=\"37\">\n<p>Marrakech \u2013 \u00ab\u00a0Les politiques culturelles et la norme juridique de la diversit\u00e9 culturelle \u00e0 l\u2019\u00e8re du num\u00e9rique\u00a0\u00bb est le titre du nouvel ouvrage du professeur de Droit public \u00e0 la Facult\u00e9 des sciences juridiques, \u00e9conomiques et sociales relevant de l\u2019Universit\u00e9 Cadi Ayyad de Marrakech, Dr. Radouane Khoulafa.<\/p>\n<\/div>\n<div readability=\"105\">\n<p>Cet ouvrage, qui vient de para\u00eetre\u00a0aux Editions Afaq-Marrakech,\u00a0se penche, selon une approche m\u00e9thodique et syst\u00e9matique, sur l\u2019examen des grandes questions probl\u00e9matiques relatives \u00e0 la norme de la diversit\u00e9 culturelle \u00e0 la lumi\u00e8re de ce nouveau contexte.<\/p>\n<p>Cet opus porte donc un \u00e9clairage sur les diff\u00e9rentes questions qui pr\u00e9occupent actuellement aussi bien les acteurs qui interviennent en mati\u00e8re des politiques culturelles que les chercheurs qui s\u2019int\u00e9ressent \u00e0 la question de l\u2019effectivit\u00e9 et du suivi de la cons\u00e9cration de la norme de la diversit\u00e9 culturelle.<\/p>\n<p>Selon son auteur, \u00ab\u00a0l\u2019\u00c9tat se trouve aujourd\u2019hui confront\u00e9 en mati\u00e8re culturelle \u00e0 un certain nombre de difficult\u00e9s se rapportant \u00e0 sa capacit\u00e9 de mener librement ses politiques culturelles nationales sur son propre territoire\u00a0\u00bb.<\/p>\n<p>L\u2019Etat est en effet tiraill\u00e9 entre sa volont\u00e9 de s\u2019inscrire ouvertement dans la sph\u00e8re internationale afin de tirer pleinement profit de la mondialisation et l\u2019imp\u00e9ratif de pr\u00e9server et de prot\u00e9ger son identit\u00e9 culturelle nationale, a-t-il soulign\u00e9.<\/p>\n<p>Or, la diversit\u00e9 culturelle est d\u00e9sormais une norme juridique internationale consacr\u00e9e par la D\u00e9claration universelle sur la diversit\u00e9 culturelle et par la Convention de l\u2019UNESCO sur la protection et la promotion de la diversit\u00e9 des expressions culturelles.<\/p>\n<p>Toutefois, a-t-il poursuivi, la cons\u00e9cration juridique de cette norme \u00e0 l\u2019\u00e8re du num\u00e9rique suscite plusieurs probl\u00e9matiques \u00e9tant donn\u00e9 le caract\u00e8re national des mesures des politiques publiques en mati\u00e8re culturelle qui interviennent sur le territoire national alors que les v\u00e9ritables menaces qui risquent de porter atteinte \u00e0 la diversit\u00e9 culturelle nationale peuvent provenir du cyberespace.<\/p>\n<p>La r\u00e9volution num\u00e9rique n\u00e9cessite donc la reconfiguration de toute l\u2019ing\u00e9nierie des politiques culturelles nationales tout en exigeant un remaniement radical de l\u2019ensemble de r\u00e8gles r\u00e9gissant le domaine culturel, a-t-il expliqu\u00e9.<\/p>\n<p>Cet ouvrage tente de mettre en relief un certain nombre de questions relatives aux politiques culturelles \u00e0 la lumi\u00e8re du droit international culturel et du droit international commercial, tout en pensant l\u2019intervention \u00e9tatique en mati\u00e8re culturelle \u00e0 travers ce nouveau contexte se rapportant au d\u00e9veloppement vertigineux des technologies num\u00e9riques et de l\u2019essor des r\u00e8gles commerciales libre-\u00e9changistes.<\/p>\n<p>\u00ab\u00a0Dans cet ouvrage, les fonctionnaires des administrations charg\u00e9es de la conception et de l\u2019\u00e9laboration des politiques culturelles de m\u00eame que les fonctionnaires des organisations internationales \u00e0 vocation principalement culturelle trouveront des \u00e9l\u00e9ments pertinents relatifs \u00e0 l\u2019intervention \u00e9tatique en mati\u00e8re culturelle \u00e0 la lumi\u00e8re de ces nouveaux paradigmes\u00a0\u00bb, indique Dr. Radouane Khoulafa.<\/p>\n<p>Sur le plan scientifique, cet ouvrage permettra aux chercheurs de conna\u00eetre les nouvelles approches relatives aux questions culturelles. Enfin, les membres des organisations non gouvernementales nationales et internationales trouveront dans cet ouvrage des fondements int\u00e9ressants afin de pr\u00e9parer en toute connaissance de cause leurs plaidoyers relatifs \u00e0 la question de la diversit\u00e9 culturelle.<\/p>\n<p>Dr. Radouane Khoulafa, qui est membre fondateur et ancien directeur du Laboratoire de recherche en sciences juridiques, politiques et communication de l\u2019Universit\u00e9 Sultan Moulay Slimane a d\u00e9j\u00e0 publi\u00e9 plusieurs autres recherches et ouvrages, dont \u00ab\u00a0La diversit\u00e9 des expressions culturelles \u00e0 l\u2019\u00e8re num\u00e9rique et la protection des droits de la propri\u00e9t\u00e9 intellectuelle : Vers quelle conciliation\u00a0?,\u00a0in\u00a0Fr\u00e9d\u00e9ric B\u00c9RARD, Jean LECLAIR et Michel MORIN (sous-direction),\u00a0\u00ab\u00a0La diversit\u00e9 culturelle et linguistique au Canada et au Maroc en droit interne et en droit international\u00a0\u00bb (\u00c9ditions Th\u00e9mis, Montr\u00e9al, 2018) et \u00ab\u00a0La libert\u00e9 et l\u2019\u00a0\u00bbhomo faber\u00a0\u00bb\u00a0num\u00e9rique\u00a0\u00bb,\u00a0Publications de la Facult\u00e9 des Sciences Juridiques, \u00c9conomiques et Sociales de Marrakech.<\/p>\n<\/div>\n<p>Auteur: Meriem IGASS<br \/>\n<a href=\"http:\/\/www.mapmarrakech.ma\/fr\/ouvrage-sur-la-diversite-culturelle-a-lere-du-numerique\/\">Cliquez ici pour lire l&rsquo;article depuis sa source.<\/a><\/p>\n","protected":false},"excerpt":{"rendered":"<p>Marrakech \u2013 \u00ab\u00a0Les politiques culturelles et la norme juridique de la diversit\u00e9 culturelle \u00e0 l\u2019\u00e8re du num\u00e9rique\u00a0\u00bb est le titre du nouvel ouvrage du professeur de Droit public \u00e0 la Facult\u00e9 des sciences juridiques, \u00e9conomiques et sociales relevant de l\u2019Universit\u00e9 Cadi Ayyad de Marrakech, Dr. Radouane Khoulafa. Cet ouvrage, qui vient de para\u00eetre\u00a0aux Editions Afaq-Marrakech,\u00a0se [&hellip;]<\/p>\n","protected":false},"author":1788,"featured_media":0,"comment_status":"closed","ping_status":"closed","sticky":false,"template":"","format":"standard","meta":{"fifu_image_url":"","fifu_image_alt":"","footnotes":""},"categories":[54,76],"tags":[],"class_list":["post-89155","post","type-post","status-publish","format-standard","hentry","category-maroc","category-regions"],"_links":{"self":[{"href":"https:\/\/linitiative.ca\/International\/wp-json\/wp\/v2\/posts\/89155","targetHints":{"allow":["GET"]}}],"collection":[{"href":"https:\/\/linitiative.ca\/International\/wp-json\/wp\/v2\/posts"}],"about":[{"href":"https:\/\/linitiative.ca\/International\/wp-json\/wp\/v2\/types\/post"}],"author":[{"embeddable":true,"href":"https:\/\/linitiative.ca\/International\/wp-json\/wp\/v2\/users\/1788"}],"replies":[{"embeddable":true,"href":"https:\/\/linitiative.ca\/International\/wp-json\/wp\/v2\/comments?post=89155"}],"version-history":[{"count":0,"href":"https:\/\/linitiative.ca\/International\/wp-json\/wp\/v2\/posts\/89155\/revisions"}],"wp:attachment":[{"href":"https:\/\/linitiative.ca\/International\/wp-json\/wp\/v2\/media?parent=89155"}],"wp:term":[{"taxonomy":"category","embeddable":true,"href":"https:\/\/linitiative.ca\/International\/wp-json\/wp\/v2\/categories?post=89155"},{"taxonomy":"post_tag","embeddable":true,"href":"https:\/\/linitiative.ca\/International\/wp-json\/wp\/v2\/tags?post=89155"}],"curies":[{"name":"wp","href":"https:\/\/api.w.org\/{rel}","templated":true}]}}