{"id":89162,"date":"2020-06-15T23:20:01","date_gmt":"2020-06-16T03:20:01","guid":{"rendered":"https:\/\/linitiative.ca\/International\/violence-contre-les-femmes-une-riposte-gouvernementale\/"},"modified":"2020-06-15T23:20:01","modified_gmt":"2020-06-16T03:20:01","slug":"violence-contre-les-femmes-une-riposte-gouvernementale","status":"publish","type":"post","link":"https:\/\/linitiative.ca\/International\/violence-contre-les-femmes-une-riposte-gouvernementale\/","title":{"rendered":"Violence contre les femmes: Une riposte gouvernementale"},"content":{"rendered":"<div class=\"body\">\n<div class=\"field field-name-body field-type-text-with-summary field-label-hidden\">\n<div class=\"field-items\" readability=\"8.936948297604\">\n<div class=\"field-item even\" property=\"content:encoded\" readability=\"13.170239596469\">\n<p class=\"rtejustify\">Une capsule de sensibilisation a \u00e9t\u00e9 mise au point par la Commission nationale de prise en charge des femmes victimes de violence en partenariat avec le Conseil de l\u2019Europe. La p\u00e9riode de confinement a connu\u00a0 des cas d\u2019agression physique et psychique qui ont d\u2019ailleurs suscit\u00e9 des alertes chez la soci\u00e9t\u00e9 civile<a href=\"https:\/\/leconomiste.com\/archive\/edition\/5739\" target=\"_blank\" rel=\"noopener noreferrer\"><span><strong><em> (cf. L\u2019Economiste n\u00b05739 du\u00a0 13 avril 2020)<\/em><\/strong><\/span><\/a>. La capsule rappelle que d\u2019autres actes de violences \u00e0 l\u2019\u00e9gard des femmes, sexuelle et \u00e9conomique, sont p\u00e9nalis\u00e9s. Elle met \u00e0 disposition du public deux num\u00e9ros de t\u00e9l\u00e9phone, le 19 pour la police et 177 pour la gendarmerie royale. Cette initiative louable intervient malgr\u00e9 tout un peu en retard puisque le confinement dure depuis trois mois. Un autre contact t\u00e9l\u00e9phonique est disponible, le 8350.<br \/><em>F.F.\u00a0 <\/em><\/p>\n<\/div>\n<\/div>\n<\/div>\n<\/div>\n<div class=\"eco-conseil\">\n<div class=\"view view-eco-conseil-16 view-id-eco_conseil_16 view-display-id-cookies view-dom-id-1c5d0fa9b6ee2c0cfbafe685dfaf2897\">\n<div class=\"view-content\">\n<div id=\"views-bootstrap-grid-1\" class=\"views-bootstrap-grid-plugin-style\">\n<div class=\"row\">\n<div class=\" col-xs-12 col-lg-4\">\n<div class=\"row\">\n<div class=\"col col-xs-12 col-lg-12\">\n<div class=\"field-content\"><a href=\"\/article\/1063392-carte-d-identite-electronique-des-ong-critiquent-l-exclusion-de-l-amazigh\"><img loading=\"lazy\" decoding=\"async\" class=\"img-responsive\" typeof=\"foaf:Image\" src=\"https:\/\/www.leconomiste.com\/sites\/default\/files\/eco7\/public\/styles\/800x400\/public\/default_images\/default_une.jpg?itok=4jZlgnIZ\" width=\"660\" height=\"330\" alt=\"\"\/><\/a><\/div>\n<\/div>\n<div class=\" title_suite_2 col col-xs-12 col-lg-12\"> <a href=\"\/article\/1063392-carte-d-identite-electronique-des-ong-critiquent-l-exclusion-de-l-amazigh\"\/><span class=\"field-content\">Carte d\u2019identit\u00e9 \u00e9lectronique: Des ONG critiquent l\u2019exclusion de l\u2019Amazigh<\/span><\/div>\n<\/div>\n<\/div>\n<div class=\" col-xs-12 col-lg-4\">\n<div class=\"row\">\n<div class=\"col col-xs-12 col-lg-12\">\n<div class=\"field-content\"><a href=\"\/article\/1063391-afriquia-deploie-le-paiement-mobile-dans-ses-stations\"><img loading=\"lazy\" decoding=\"async\" class=\"img-responsive\" typeof=\"foaf:Image\" src=\"https:\/\/www.leconomiste.com\/sites\/default\/files\/eco7\/public\/styles\/800x400\/public\/default_images\/default_une.jpg?itok=4jZlgnIZ\" width=\"660\" height=\"330\" alt=\"\"\/><\/a><\/div>\n<\/div>\n<div class=\" title_suite_2 col col-xs-12 col-lg-12\"> <a href=\"\/article\/1063391-afriquia-deploie-le-paiement-mobile-dans-ses-stations\"\/><span class=\"field-content\">Afriquia d\u00e9ploie le paiement mobile dans ses stations <\/span><\/div>\n<\/div>\n<\/div>\n<div class=\" col-xs-12 col-lg-4\">\n<div class=\"row\">\n<div class=\"col col-xs-12 col-lg-12\">\n<div class=\"field-content\"><a href=\"\/article\/1063390-enseignement-le-ministere-veut-accelerer-la-concretisation-de-la-loi-cadre\"><img loading=\"lazy\" decoding=\"async\" class=\"img-responsive\" typeof=\"foaf:Image\" src=\"https:\/\/www.leconomiste.com\/sites\/default\/files\/eco7\/public\/styles\/800x400\/public\/default_images\/default_une.jpg?itok=4jZlgnIZ\" width=\"660\" height=\"330\" alt=\"\"\/><\/a><\/div>\n<\/div>\n<div class=\" title_suite_2 col col-xs-12 col-lg-12\"> <a href=\"\/article\/1063390-enseignement-le-ministere-veut-accelerer-la-concretisation-de-la-loi-cadre\"\/><span class=\"field-content\">Enseignement: Le minist\u00e8re veut acc\u00e9l\u00e9rer la concr\u00e9tisation de la loi-cadre<\/span><\/div>\n<\/div>\n<\/div>\n<\/div>\n<\/div>\n<\/div>\n<\/div>\n<\/div>\n<p>Auteur: hlafriqi<br \/>\n<a href=\"https:\/\/www.leconomiste.com\/article\/1063388-violence-contre-les-femmes-une-riposte-gouvernementale\">Cliquez ici pour lire l&rsquo;article depuis sa source.<\/a><\/p>\n","protected":false},"excerpt":{"rendered":"<p>Une capsule de sensibilisation a \u00e9t\u00e9 mise au point par la Commission nationale de prise en charge des femmes victimes de violence en partenariat avec le Conseil de l\u2019Europe. La p\u00e9riode de confinement a connu\u00a0 des cas d\u2019agression physique et psychique qui ont d\u2019ailleurs suscit\u00e9 des alertes chez la soci\u00e9t\u00e9 civile (cf. L\u2019Economiste n\u00b05739 du\u00a0 [&hellip;]<\/p>\n","protected":false},"author":1763,"featured_media":0,"comment_status":"closed","ping_status":"closed","sticky":false,"template":"","format":"standard","meta":{"fifu_image_url":"","fifu_image_alt":"","footnotes":""},"categories":[78,54],"tags":[],"class_list":["post-89162","post","type-post","status-publish","format-standard","hentry","category-economie","category-maroc"],"_links":{"self":[{"href":"https:\/\/linitiative.ca\/International\/wp-json\/wp\/v2\/posts\/89162","targetHints":{"allow":["GET"]}}],"collection":[{"href":"https:\/\/linitiative.ca\/International\/wp-json\/wp\/v2\/posts"}],"about":[{"href":"https:\/\/linitiative.ca\/International\/wp-json\/wp\/v2\/types\/post"}],"author":[{"embeddable":true,"href":"https:\/\/linitiative.ca\/International\/wp-json\/wp\/v2\/users\/1763"}],"replies":[{"embeddable":true,"href":"https:\/\/linitiative.ca\/International\/wp-json\/wp\/v2\/comments?post=89162"}],"version-history":[{"count":0,"href":"https:\/\/linitiative.ca\/International\/wp-json\/wp\/v2\/posts\/89162\/revisions"}],"wp:attachment":[{"href":"https:\/\/linitiative.ca\/International\/wp-json\/wp\/v2\/media?parent=89162"}],"wp:term":[{"taxonomy":"category","embeddable":true,"href":"https:\/\/linitiative.ca\/International\/wp-json\/wp\/v2\/categories?post=89162"},{"taxonomy":"post_tag","embeddable":true,"href":"https:\/\/linitiative.ca\/International\/wp-json\/wp\/v2\/tags?post=89162"}],"curies":[{"name":"wp","href":"https:\/\/api.w.org\/{rel}","templated":true}]}}