{"id":89163,"date":"2020-06-15T23:22:02","date_gmt":"2020-06-16T03:22:02","guid":{"rendered":"https:\/\/linitiative.ca\/International\/des-vacances-judiciaires-a-partir-du-3-aout\/"},"modified":"2020-06-15T23:22:02","modified_gmt":"2020-06-16T03:22:02","slug":"des-vacances-judiciaires-a-partir-du-3-aout","status":"publish","type":"post","link":"https:\/\/linitiative.ca\/International\/des-vacances-judiciaires-a-partir-du-3-aout\/","title":{"rendered":"Des vacances judiciaires \u00e0 partir du 3 ao\u00fbt"},"content":{"rendered":"<div class=\"body\">\n<div class=\"field field-name-body field-type-text-with-summary field-label-hidden\">\n<div class=\"field-items\" readability=\"6.8857142857143\">\n<div class=\"field-item even\" property=\"content:encoded\" readability=\"9.1809523809524\">\n<p class=\"rtejustify\">La nouvelle fait grincer des dents dans l\u2019arrondissement judiciaire de Casablanca. Sa cour d\u2019appel de commerce annonce les vacances judiciaires \u00e0 partir du 3 ao\u00fbt. L\u2019annonce est une douche froide pour les praticiens notamment les avocats. La justice tourne au ralenti depuis la d\u00e9claration de l\u2019\u00e9tat d\u2019urgence sanitaire le 20 mars. La pause forc\u00e9e impos\u00e9e par le coronavirus a engendr\u00e9 l\u2019arr\u00eat des d\u00e9lais et donc l\u2019accumulation des dossiers. La reprise partielle annonc\u00e9e pour le 11 juin pour certaines affaires a \u00e9t\u00e9 relativement bien accueillie\u00a0 <a href=\"https:\/\/leconomiste.com\/archive\/edition\/5770\" target=\"_blank\" rel=\"noopener noreferrer\"><span><strong><em>(Cf. L\u2019Economiste n\u00b05770 du 28 mai 2020)<\/em><\/strong><\/span><\/a>. Ces vacances judiciaires interviennent au moment o\u00f9 l\u2019agenda d\u2019un retour \u00e0 la normale est pr\u00e9vu dans les juridictions pour le 1er septembre. Cette pause estivale risque d\u2019amplifier le retard dans le traitement des dossiers. Il y a les anciennes affaires en attente et les nouvelles comme la vague d\u2019entreprises en difficult\u00e9 pronostiqu\u00e9e par des avocats d\u2019affaires<span> <\/span><a href=\"https:\/\/leconomiste.com\/archive\/edition\/5769\" target=\"_blank\" rel=\"noopener noreferrer\"><span><strong><em>(cf. L\u2019Economiste n\u00b05769 du 27 mai 2020)<\/em><\/strong><\/span><\/a>.<br \/><em>F.F.\u00a0 <\/em><\/p>\n<\/div>\n<\/div>\n<\/div>\n<\/div>\n<div class=\"eco-conseil\">\n<div class=\"view view-eco-conseil-16 view-id-eco_conseil_16 view-display-id-cookies view-dom-id-60dcb441cab26718f9b2d6f2831457e3\">\n<div class=\"view-content\">\n<div id=\"views-bootstrap-grid-1\" class=\"views-bootstrap-grid-plugin-style\">\n<div class=\"row\">\n<div class=\" col-xs-12 col-lg-4\">\n<div class=\"row\">\n<div class=\"col col-xs-12 col-lg-12\">\n<div class=\"field-content\"><a href=\"\/article\/1063392-carte-d-identite-electronique-des-ong-critiquent-l-exclusion-de-l-amazigh\"><img loading=\"lazy\" decoding=\"async\" class=\"img-responsive\" typeof=\"foaf:Image\" src=\"https:\/\/www.leconomiste.com\/sites\/default\/files\/eco7\/public\/styles\/800x400\/public\/default_images\/default_une.jpg?itok=4jZlgnIZ\" width=\"660\" height=\"330\" alt=\"\"\/><\/a><\/div>\n<\/div>\n<div class=\" title_suite_2 col col-xs-12 col-lg-12\"> <a href=\"\/article\/1063392-carte-d-identite-electronique-des-ong-critiquent-l-exclusion-de-l-amazigh\"\/><span class=\"field-content\">Carte d\u2019identit\u00e9 \u00e9lectronique: Des ONG critiquent l\u2019exclusion de l\u2019Amazigh<\/span><\/div>\n<\/div>\n<\/div>\n<div class=\" col-xs-12 col-lg-4\">\n<div class=\"row\">\n<div class=\"col col-xs-12 col-lg-12\">\n<div class=\"field-content\"><a href=\"\/article\/1063391-afriquia-deploie-le-paiement-mobile-dans-ses-stations\"><img loading=\"lazy\" decoding=\"async\" class=\"img-responsive\" typeof=\"foaf:Image\" src=\"https:\/\/www.leconomiste.com\/sites\/default\/files\/eco7\/public\/styles\/800x400\/public\/default_images\/default_une.jpg?itok=4jZlgnIZ\" width=\"660\" height=\"330\" alt=\"\"\/><\/a><\/div>\n<\/div>\n<div class=\" title_suite_2 col col-xs-12 col-lg-12\"> <a href=\"\/article\/1063391-afriquia-deploie-le-paiement-mobile-dans-ses-stations\"\/><span class=\"field-content\">Afriquia d\u00e9ploie le paiement mobile dans ses stations <\/span><\/div>\n<\/div>\n<\/div>\n<div class=\" col-xs-12 col-lg-4\">\n<div class=\"row\">\n<div class=\"col col-xs-12 col-lg-12\">\n<div class=\"field-content\"><a href=\"\/article\/1063390-enseignement-le-ministere-veut-accelerer-la-concretisation-de-la-loi-cadre\"><img loading=\"lazy\" decoding=\"async\" class=\"img-responsive\" typeof=\"foaf:Image\" src=\"https:\/\/www.leconomiste.com\/sites\/default\/files\/eco7\/public\/styles\/800x400\/public\/default_images\/default_une.jpg?itok=4jZlgnIZ\" width=\"660\" height=\"330\" alt=\"\"\/><\/a><\/div>\n<\/div>\n<div class=\" title_suite_2 col col-xs-12 col-lg-12\"> <a href=\"\/article\/1063390-enseignement-le-ministere-veut-accelerer-la-concretisation-de-la-loi-cadre\"\/><span class=\"field-content\">Enseignement: Le minist\u00e8re veut acc\u00e9l\u00e9rer la concr\u00e9tisation de la loi-cadre<\/span><\/div>\n<\/div>\n<\/div>\n<\/div>\n<\/div>\n<\/div>\n<\/div>\n<\/div>\n<p>Auteur: hlafriqi<br \/>\n<a href=\"https:\/\/www.leconomiste.com\/article\/1063389-des-vacances-judiciaires-partir-du-3-aout\">Cliquez ici pour lire l&rsquo;article depuis sa source.<\/a><\/p>\n","protected":false},"excerpt":{"rendered":"<p>La nouvelle fait grincer des dents dans l\u2019arrondissement judiciaire de Casablanca. Sa cour d\u2019appel de commerce annonce les vacances judiciaires \u00e0 partir du 3 ao\u00fbt. L\u2019annonce est une douche froide pour les praticiens notamment les avocats. La justice tourne au ralenti depuis la d\u00e9claration de l\u2019\u00e9tat d\u2019urgence sanitaire le 20 mars. La pause forc\u00e9e impos\u00e9e [&hellip;]<\/p>\n","protected":false},"author":1763,"featured_media":0,"comment_status":"closed","ping_status":"closed","sticky":false,"template":"","format":"standard","meta":{"fifu_image_url":"","fifu_image_alt":"","footnotes":""},"categories":[78,54],"tags":[],"class_list":["post-89163","post","type-post","status-publish","format-standard","hentry","category-economie","category-maroc"],"_links":{"self":[{"href":"https:\/\/linitiative.ca\/International\/wp-json\/wp\/v2\/posts\/89163","targetHints":{"allow":["GET"]}}],"collection":[{"href":"https:\/\/linitiative.ca\/International\/wp-json\/wp\/v2\/posts"}],"about":[{"href":"https:\/\/linitiative.ca\/International\/wp-json\/wp\/v2\/types\/post"}],"author":[{"embeddable":true,"href":"https:\/\/linitiative.ca\/International\/wp-json\/wp\/v2\/users\/1763"}],"replies":[{"embeddable":true,"href":"https:\/\/linitiative.ca\/International\/wp-json\/wp\/v2\/comments?post=89163"}],"version-history":[{"count":0,"href":"https:\/\/linitiative.ca\/International\/wp-json\/wp\/v2\/posts\/89163\/revisions"}],"wp:attachment":[{"href":"https:\/\/linitiative.ca\/International\/wp-json\/wp\/v2\/media?parent=89163"}],"wp:term":[{"taxonomy":"category","embeddable":true,"href":"https:\/\/linitiative.ca\/International\/wp-json\/wp\/v2\/categories?post=89163"},{"taxonomy":"post_tag","embeddable":true,"href":"https:\/\/linitiative.ca\/International\/wp-json\/wp\/v2\/tags?post=89163"}],"curies":[{"name":"wp","href":"https:\/\/api.w.org\/{rel}","templated":true}]}}