{"id":89164,"date":"2020-06-15T23:24:17","date_gmt":"2020-06-16T03:24:17","guid":{"rendered":"https:\/\/linitiative.ca\/International\/enseignement-le-ministere-veut-accelerer-la-concretisation-de-la-loi-cadre\/"},"modified":"2020-06-15T23:24:17","modified_gmt":"2020-06-16T03:24:17","slug":"enseignement-le-ministere-veut-accelerer-la-concretisation-de-la-loi-cadre","status":"publish","type":"post","link":"https:\/\/linitiative.ca\/International\/enseignement-le-ministere-veut-accelerer-la-concretisation-de-la-loi-cadre\/","title":{"rendered":"Enseignement: Le minist\u00e8re veut acc\u00e9l\u00e9rer la concr\u00e9tisation de la loi-cadre"},"content":{"rendered":"<div class=\"author\" readability=\"5.6949152542373\"> Par <a href=\"\/content\/ahlam-nazih\"> Ahlam NAZIH<\/a> <a href=\"\/node\/\"> <\/a> | Edition N\u00b0:5783 Le 16\/06\/2020 | Partager <\/div>\n<div class=\"body\">\n<div class=\"field field-name-body field-type-text-with-summary field-label-hidden\">\n<div class=\"field-items\" readability=\"9\">\n<div class=\"field-item even\" property=\"content:encoded\" readability=\"13\">\n<p class=\"rtejustify\">L\u2019Education nationale dispose de trois ans pour d\u00e9cliner la mise en application de la loi-cadre sur l\u2019enseignement. Avec la crise pand\u00e9mique, pr\u00e8s de 3 mois ont \u00e9t\u00e9 perdus. Le minist\u00e8re entend donc se rattraper. Des n\u00e9gociations viennent d\u2019\u00eatre entam\u00e9es pour les d\u00e9crets d\u2019application relatifs au secteur priv\u00e9. Au total, pour concr\u00e9tiser la loi-cadre, environ 79 d\u00e9crets et 80 arr\u00eat\u00e9s sont n\u00e9cessaires. Pr\u00e8s de 6 lois doivent \u00e9galement \u00eatre amend\u00e9es.<br \/><em>A.Na<\/em><\/p>\n<\/div>\n<\/div>\n<\/div>\n<\/div>\n<div class=\"eco-conseil\">\n<div class=\"view view-eco-conseil-16 view-id-eco_conseil_16 view-display-id-cookies view-dom-id-82af7cd2389513c6a24ee630337e7306\">\n<div class=\"view-content\">\n<div id=\"views-bootstrap-grid-1\" class=\"views-bootstrap-grid-plugin-style\">\n<div class=\"row\">\n<div class=\" col-xs-12 col-lg-4\">\n<div class=\"row\">\n<div class=\"col col-xs-12 col-lg-12\">\n<div class=\"field-content\"><a href=\"\/article\/1063392-carte-d-identite-electronique-des-ong-critiquent-l-exclusion-de-l-amazigh\"><img loading=\"lazy\" decoding=\"async\" class=\"img-responsive\" typeof=\"foaf:Image\" src=\"https:\/\/www.leconomiste.com\/sites\/default\/files\/eco7\/public\/styles\/800x400\/public\/default_images\/default_une.jpg?itok=4jZlgnIZ\" width=\"660\" height=\"330\" alt=\"\"\/><\/a><\/div>\n<\/div>\n<div class=\" title_suite_2 col col-xs-12 col-lg-12\"> <a href=\"\/article\/1063392-carte-d-identite-electronique-des-ong-critiquent-l-exclusion-de-l-amazigh\"\/><span class=\"field-content\">Carte d\u2019identit\u00e9 \u00e9lectronique: Des ONG critiquent l\u2019exclusion de l\u2019Amazigh<\/span><\/div>\n<\/div>\n<\/div>\n<div class=\" col-xs-12 col-lg-4\">\n<div class=\"row\">\n<div class=\"col col-xs-12 col-lg-12\">\n<div class=\"field-content\"><a href=\"\/article\/1063391-afriquia-deploie-le-paiement-mobile-dans-ses-stations\"><img loading=\"lazy\" decoding=\"async\" class=\"img-responsive\" typeof=\"foaf:Image\" src=\"https:\/\/www.leconomiste.com\/sites\/default\/files\/eco7\/public\/styles\/800x400\/public\/default_images\/default_une.jpg?itok=4jZlgnIZ\" width=\"660\" height=\"330\" alt=\"\"\/><\/a><\/div>\n<\/div>\n<div class=\" title_suite_2 col col-xs-12 col-lg-12\"> <a href=\"\/article\/1063391-afriquia-deploie-le-paiement-mobile-dans-ses-stations\"\/><span class=\"field-content\">Afriquia d\u00e9ploie le paiement mobile dans ses stations <\/span><\/div>\n<\/div>\n<\/div>\n<div class=\" col-xs-12 col-lg-4\">\n<div class=\"row\">\n<div class=\"col col-xs-12 col-lg-12\">\n<div class=\"field-content\"><a href=\"\/article\/1063389-des-vacances-judiciaires-partir-du-3-aout\"><img loading=\"lazy\" decoding=\"async\" class=\"img-responsive\" typeof=\"foaf:Image\" src=\"https:\/\/www.leconomiste.com\/sites\/default\/files\/eco7\/public\/styles\/800x400\/public\/default_images\/default_une.jpg?itok=4jZlgnIZ\" width=\"660\" height=\"330\" alt=\"\"\/><\/a><\/div>\n<\/div>\n<div class=\" title_suite_2 col col-xs-12 col-lg-12\"> <a href=\"\/article\/1063389-des-vacances-judiciaires-partir-du-3-aout\"\/><span class=\"field-content\">Des vacances judiciaires \u00e0 partir du 3 ao\u00fbt<\/span><\/div>\n<\/div>\n<\/div>\n<\/div>\n<\/div>\n<\/div>\n<\/div>\n<\/div>\n<p>Auteur: hlafriqi<br \/>\n<a href=\"https:\/\/www.leconomiste.com\/article\/1063390-enseignement-le-ministere-veut-accelerer-la-concretisation-de-la-loi-cadre\">Cliquez ici pour lire l&rsquo;article depuis sa source.<\/a><\/p>\n","protected":false},"excerpt":{"rendered":"<p>Par Ahlam NAZIH | Edition N\u00b0:5783 Le 16\/06\/2020 | Partager L\u2019Education nationale dispose de trois ans pour d\u00e9cliner la mise en application de la loi-cadre sur l\u2019enseignement. Avec la crise pand\u00e9mique, pr\u00e8s de 3 mois ont \u00e9t\u00e9 perdus. Le minist\u00e8re entend donc se rattraper. Des n\u00e9gociations viennent d\u2019\u00eatre entam\u00e9es pour les d\u00e9crets d\u2019application relatifs au [&hellip;]<\/p>\n","protected":false},"author":1763,"featured_media":0,"comment_status":"closed","ping_status":"closed","sticky":false,"template":"","format":"standard","meta":{"fifu_image_url":"","fifu_image_alt":"","footnotes":""},"categories":[78,54],"tags":[],"class_list":["post-89164","post","type-post","status-publish","format-standard","hentry","category-economie","category-maroc"],"_links":{"self":[{"href":"https:\/\/linitiative.ca\/International\/wp-json\/wp\/v2\/posts\/89164","targetHints":{"allow":["GET"]}}],"collection":[{"href":"https:\/\/linitiative.ca\/International\/wp-json\/wp\/v2\/posts"}],"about":[{"href":"https:\/\/linitiative.ca\/International\/wp-json\/wp\/v2\/types\/post"}],"author":[{"embeddable":true,"href":"https:\/\/linitiative.ca\/International\/wp-json\/wp\/v2\/users\/1763"}],"replies":[{"embeddable":true,"href":"https:\/\/linitiative.ca\/International\/wp-json\/wp\/v2\/comments?post=89164"}],"version-history":[{"count":0,"href":"https:\/\/linitiative.ca\/International\/wp-json\/wp\/v2\/posts\/89164\/revisions"}],"wp:attachment":[{"href":"https:\/\/linitiative.ca\/International\/wp-json\/wp\/v2\/media?parent=89164"}],"wp:term":[{"taxonomy":"category","embeddable":true,"href":"https:\/\/linitiative.ca\/International\/wp-json\/wp\/v2\/categories?post=89164"},{"taxonomy":"post_tag","embeddable":true,"href":"https:\/\/linitiative.ca\/International\/wp-json\/wp\/v2\/tags?post=89164"}],"curies":[{"name":"wp","href":"https:\/\/api.w.org\/{rel}","templated":true}]}}