{"id":89165,"date":"2020-06-15T23:25:39","date_gmt":"2020-06-16T03:25:39","guid":{"rendered":"https:\/\/linitiative.ca\/International\/afriquia-deploie-le-paiement-mobile-dans-ses-stations\/"},"modified":"2020-06-15T23:25:39","modified_gmt":"2020-06-16T03:25:39","slug":"afriquia-deploie-le-paiement-mobile-dans-ses-stations","status":"publish","type":"post","link":"https:\/\/linitiative.ca\/International\/afriquia-deploie-le-paiement-mobile-dans-ses-stations\/","title":{"rendered":"Afriquia d\u00e9ploie le paiement mobile dans ses stations"},"content":{"rendered":"<div class=\"body\">\n<div class=\"field field-name-body field-type-text-with-summary field-label-hidden\">\n<div class=\"field-items\" readability=\"9\">\n<div class=\"field-item even\" property=\"content:encoded\" readability=\"13\">\n<p class=\"rtejustify\">Depuis hier, lundi 15 juin 2020, il est possible de proc\u00e9der au paiement via mobile au sein des stations Afriquia SMDC et d\u2019Afriquia Gaz. Le groupe Akwa vient en effet d\u2019introduire le r\u00e8glement \u00e0 travers le smartphone. Il vous suffira de disposer d\u2019un porte-monnaie \u00e9lectronique (M-Wallet) aupr\u00e8s d\u2019un op\u00e9rateur bancaire ou d\u2019un \u00e9tablissement de paiement mobile comme Attijari Pay ou Jibi (Wafacash), d\u2019indiquer au personnel le mode de r\u00e8glement et de finaliser la transaction avec une simple lecture d\u2019un QR Code affich\u00e9 sur le TPE (terminal de paiement \u00e9lectronique) par le mobile. Le lancement de ce nouveau mode de r\u00e8glement qui devra prochainement \u00eatre g\u00e9n\u00e9ralis\u00e9 sur l\u2019ensemble de leurs r\u00e9seaux a pour objectif de remplacer le paiement en esp\u00e8ces puisqu\u2019il \u00e9vite le contact physique. Afriquia SMDC et Afriquia Gaz sont ainsi les premiers op\u00e9rateurs marocains \u00e0 introduire le paiement mobile dans leurs domaines d\u2019activit\u00e9s.<br \/><em>M.A.B.<\/em><\/p>\n<\/div>\n<\/div>\n<\/div>\n<\/div>\n<div class=\"eco-conseil\">\n<div class=\"view view-eco-conseil-16 view-id-eco_conseil_16 view-display-id-cookies view-dom-id-bbb5b42e3018c7dee9b6e5f31f92c44c\">\n<div class=\"view-content\">\n<div id=\"views-bootstrap-grid-1\" class=\"views-bootstrap-grid-plugin-style\">\n<div class=\"row\">\n<div class=\" col-xs-12 col-lg-4\">\n<div class=\"row\">\n<div class=\"col col-xs-12 col-lg-12\">\n<div class=\"field-content\"><a href=\"\/article\/1063392-carte-d-identite-electronique-des-ong-critiquent-l-exclusion-de-l-amazigh\"><img loading=\"lazy\" decoding=\"async\" class=\"img-responsive\" typeof=\"foaf:Image\" src=\"https:\/\/www.leconomiste.com\/sites\/default\/files\/eco7\/public\/styles\/800x400\/public\/default_images\/default_une.jpg?itok=4jZlgnIZ\" width=\"660\" height=\"330\" alt=\"\"\/><\/a><\/div>\n<\/div>\n<div class=\" title_suite_2 col col-xs-12 col-lg-12\"> <a href=\"\/article\/1063392-carte-d-identite-electronique-des-ong-critiquent-l-exclusion-de-l-amazigh\"\/><span class=\"field-content\">Carte d\u2019identit\u00e9 \u00e9lectronique: Des ONG critiquent l\u2019exclusion de l\u2019Amazigh<\/span><\/div>\n<\/div>\n<\/div>\n<div class=\" col-xs-12 col-lg-4\">\n<div class=\"row\">\n<div class=\"col col-xs-12 col-lg-12\">\n<div class=\"field-content\"><a href=\"\/article\/1063390-enseignement-le-ministere-veut-accelerer-la-concretisation-de-la-loi-cadre\"><img loading=\"lazy\" decoding=\"async\" class=\"img-responsive\" typeof=\"foaf:Image\" src=\"https:\/\/www.leconomiste.com\/sites\/default\/files\/eco7\/public\/styles\/800x400\/public\/default_images\/default_une.jpg?itok=4jZlgnIZ\" width=\"660\" height=\"330\" alt=\"\"\/><\/a><\/div>\n<\/div>\n<div class=\" title_suite_2 col col-xs-12 col-lg-12\"> <a href=\"\/article\/1063390-enseignement-le-ministere-veut-accelerer-la-concretisation-de-la-loi-cadre\"\/><span class=\"field-content\">Enseignement: Le minist\u00e8re veut acc\u00e9l\u00e9rer la concr\u00e9tisation de la loi-cadre<\/span><\/div>\n<\/div>\n<\/div>\n<div class=\" col-xs-12 col-lg-4\">\n<div class=\"row\">\n<div class=\"col col-xs-12 col-lg-12\">\n<div class=\"field-content\"><a href=\"\/article\/1063389-des-vacances-judiciaires-partir-du-3-aout\"><img loading=\"lazy\" decoding=\"async\" class=\"img-responsive\" typeof=\"foaf:Image\" src=\"https:\/\/www.leconomiste.com\/sites\/default\/files\/eco7\/public\/styles\/800x400\/public\/default_images\/default_une.jpg?itok=4jZlgnIZ\" width=\"660\" height=\"330\" alt=\"\"\/><\/a><\/div>\n<\/div>\n<div class=\" title_suite_2 col col-xs-12 col-lg-12\"> <a href=\"\/article\/1063389-des-vacances-judiciaires-partir-du-3-aout\"\/><span class=\"field-content\">Des vacances judiciaires \u00e0 partir du 3 ao\u00fbt<\/span><\/div>\n<\/div>\n<\/div>\n<\/div>\n<\/div>\n<\/div>\n<\/div>\n<\/div>\n<p>Auteur: hlafriqi<br \/>\n<a href=\"https:\/\/www.leconomiste.com\/article\/1063391-afriquia-deploie-le-paiement-mobile-dans-ses-stations\">Cliquez ici pour lire l&rsquo;article depuis sa source.<\/a><\/p>\n","protected":false},"excerpt":{"rendered":"<p>Depuis hier, lundi 15 juin 2020, il est possible de proc\u00e9der au paiement via mobile au sein des stations Afriquia SMDC et d\u2019Afriquia Gaz. Le groupe Akwa vient en effet d\u2019introduire le r\u00e8glement \u00e0 travers le smartphone. Il vous suffira de disposer d\u2019un porte-monnaie \u00e9lectronique (M-Wallet) aupr\u00e8s d\u2019un op\u00e9rateur bancaire ou d\u2019un \u00e9tablissement de paiement [&hellip;]<\/p>\n","protected":false},"author":1763,"featured_media":0,"comment_status":"closed","ping_status":"closed","sticky":false,"template":"","format":"standard","meta":{"fifu_image_url":"","fifu_image_alt":"","footnotes":""},"categories":[78,54],"tags":[],"class_list":["post-89165","post","type-post","status-publish","format-standard","hentry","category-economie","category-maroc"],"_links":{"self":[{"href":"https:\/\/linitiative.ca\/International\/wp-json\/wp\/v2\/posts\/89165","targetHints":{"allow":["GET"]}}],"collection":[{"href":"https:\/\/linitiative.ca\/International\/wp-json\/wp\/v2\/posts"}],"about":[{"href":"https:\/\/linitiative.ca\/International\/wp-json\/wp\/v2\/types\/post"}],"author":[{"embeddable":true,"href":"https:\/\/linitiative.ca\/International\/wp-json\/wp\/v2\/users\/1763"}],"replies":[{"embeddable":true,"href":"https:\/\/linitiative.ca\/International\/wp-json\/wp\/v2\/comments?post=89165"}],"version-history":[{"count":0,"href":"https:\/\/linitiative.ca\/International\/wp-json\/wp\/v2\/posts\/89165\/revisions"}],"wp:attachment":[{"href":"https:\/\/linitiative.ca\/International\/wp-json\/wp\/v2\/media?parent=89165"}],"wp:term":[{"taxonomy":"category","embeddable":true,"href":"https:\/\/linitiative.ca\/International\/wp-json\/wp\/v2\/categories?post=89165"},{"taxonomy":"post_tag","embeddable":true,"href":"https:\/\/linitiative.ca\/International\/wp-json\/wp\/v2\/tags?post=89165"}],"curies":[{"name":"wp","href":"https:\/\/api.w.org\/{rel}","templated":true}]}}