{"id":89166,"date":"2020-06-15T23:26:30","date_gmt":"2020-06-16T03:26:30","guid":{"rendered":"https:\/\/linitiative.ca\/International\/carte-didentite-electronique-des-ong-critiquent-lexclusion-de-lamazigh\/"},"modified":"2020-06-15T23:26:30","modified_gmt":"2020-06-16T03:26:30","slug":"carte-didentite-electronique-des-ong-critiquent-lexclusion-de-lamazigh","status":"publish","type":"post","link":"https:\/\/linitiative.ca\/International\/carte-didentite-electronique-des-ong-critiquent-lexclusion-de-lamazigh\/","title":{"rendered":"Carte d\u2019identit\u00e9 \u00e9lectronique: Des ONG critiquent l\u2019exclusion de l\u2019Amazigh"},"content":{"rendered":"<div class=\"body\">\n<div class=\"field field-name-body field-type-text-with-summary field-label-hidden\">\n<div class=\"field-items\" readability=\"9\">\n<div class=\"field-item even\" property=\"content:encoded\" readability=\"13\">\n<p class=\"rtejustify\">Un collectif d\u2019ONG a critiqu\u00e9 \u00abl\u2019exclusion de la langue amazighe de la loi 20-04 relative \u00e0 la nouvelle carte d\u2019identit\u00e9 \u00e9lectronique nationale\u00bb. Ce texte d\u00e9termine notamment les informations devant figurer sur les deux faces de la nouvelle carte, en caract\u00e8re arabe et latin. Ces ONG, men\u00e9es par le bureau national de la F\u00e9d\u00e9ration des associations amazighes, appellent les groupes parlementaires \u00e0 introduire des amendements pour que ces informations soient \u00e9galement inscrites sur la CIEN en tifinagh.<br \/><em>M.A.M.<\/em><\/p>\n<\/div>\n<\/div>\n<\/div>\n<\/div>\n<div class=\"eco-conseil\">\n<div class=\"view view-eco-conseil-16 view-id-eco_conseil_16 view-display-id-cookies view-dom-id-71d880b6fc295d51a10d031250262876\">\n<div class=\"view-content\">\n<div id=\"views-bootstrap-grid-1\" class=\"views-bootstrap-grid-plugin-style\">\n<div class=\"row\">\n<div class=\" col-xs-12 col-lg-4\">\n<div class=\"row\">\n<div class=\"col col-xs-12 col-lg-12\">\n<div class=\"field-content\"><a href=\"\/article\/1063391-afriquia-deploie-le-paiement-mobile-dans-ses-stations\"><img loading=\"lazy\" decoding=\"async\" class=\"img-responsive\" typeof=\"foaf:Image\" src=\"https:\/\/www.leconomiste.com\/sites\/default\/files\/eco7\/public\/styles\/800x400\/public\/default_images\/default_une.jpg?itok=4jZlgnIZ\" width=\"660\" height=\"330\" alt=\"\"\/><\/a><\/div>\n<\/div>\n<div class=\" title_suite_2 col col-xs-12 col-lg-12\"> <a href=\"\/article\/1063391-afriquia-deploie-le-paiement-mobile-dans-ses-stations\"\/><span class=\"field-content\">Afriquia d\u00e9ploie le paiement mobile dans ses stations <\/span><\/div>\n<\/div>\n<\/div>\n<div class=\" col-xs-12 col-lg-4\">\n<div class=\"row\">\n<div class=\"col col-xs-12 col-lg-12\">\n<div class=\"field-content\"><a href=\"\/article\/1063390-enseignement-le-ministere-veut-accelerer-la-concretisation-de-la-loi-cadre\"><img loading=\"lazy\" decoding=\"async\" class=\"img-responsive\" typeof=\"foaf:Image\" src=\"https:\/\/www.leconomiste.com\/sites\/default\/files\/eco7\/public\/styles\/800x400\/public\/default_images\/default_une.jpg?itok=4jZlgnIZ\" width=\"660\" height=\"330\" alt=\"\"\/><\/a><\/div>\n<\/div>\n<div class=\" title_suite_2 col col-xs-12 col-lg-12\"> <a href=\"\/article\/1063390-enseignement-le-ministere-veut-accelerer-la-concretisation-de-la-loi-cadre\"\/><span class=\"field-content\">Enseignement: Le minist\u00e8re veut acc\u00e9l\u00e9rer la concr\u00e9tisation de la loi-cadre<\/span><\/div>\n<\/div>\n<\/div>\n<div class=\" col-xs-12 col-lg-4\">\n<div class=\"row\">\n<div class=\"col col-xs-12 col-lg-12\">\n<div class=\"field-content\"><a href=\"\/article\/1063389-des-vacances-judiciaires-partir-du-3-aout\"><img loading=\"lazy\" decoding=\"async\" class=\"img-responsive\" typeof=\"foaf:Image\" src=\"https:\/\/www.leconomiste.com\/sites\/default\/files\/eco7\/public\/styles\/800x400\/public\/default_images\/default_une.jpg?itok=4jZlgnIZ\" width=\"660\" height=\"330\" alt=\"\"\/><\/a><\/div>\n<\/div>\n<div class=\" title_suite_2 col col-xs-12 col-lg-12\"> <a href=\"\/article\/1063389-des-vacances-judiciaires-partir-du-3-aout\"\/><span class=\"field-content\">Des vacances judiciaires \u00e0 partir du 3 ao\u00fbt<\/span><\/div>\n<\/div>\n<\/div>\n<\/div>\n<\/div>\n<\/div>\n<\/div>\n<\/div>\n<p>Auteur: hlafriqi<br \/>\n<a href=\"https:\/\/www.leconomiste.com\/article\/1063392-carte-d-identite-electronique-des-ong-critiquent-l-exclusion-de-l-amazigh\">Cliquez ici pour lire l&rsquo;article depuis sa source.<\/a><\/p>\n","protected":false},"excerpt":{"rendered":"<p>Un collectif d\u2019ONG a critiqu\u00e9 \u00abl\u2019exclusion de la langue amazighe de la loi 20-04 relative \u00e0 la nouvelle carte d\u2019identit\u00e9 \u00e9lectronique nationale\u00bb. Ce texte d\u00e9termine notamment les informations devant figurer sur les deux faces de la nouvelle carte, en caract\u00e8re arabe et latin. Ces ONG, men\u00e9es par le bureau national de la F\u00e9d\u00e9ration des associations [&hellip;]<\/p>\n","protected":false},"author":1763,"featured_media":0,"comment_status":"closed","ping_status":"closed","sticky":false,"template":"","format":"standard","meta":{"fifu_image_url":"","fifu_image_alt":"","footnotes":""},"categories":[78,54],"tags":[],"class_list":["post-89166","post","type-post","status-publish","format-standard","hentry","category-economie","category-maroc"],"_links":{"self":[{"href":"https:\/\/linitiative.ca\/International\/wp-json\/wp\/v2\/posts\/89166","targetHints":{"allow":["GET"]}}],"collection":[{"href":"https:\/\/linitiative.ca\/International\/wp-json\/wp\/v2\/posts"}],"about":[{"href":"https:\/\/linitiative.ca\/International\/wp-json\/wp\/v2\/types\/post"}],"author":[{"embeddable":true,"href":"https:\/\/linitiative.ca\/International\/wp-json\/wp\/v2\/users\/1763"}],"replies":[{"embeddable":true,"href":"https:\/\/linitiative.ca\/International\/wp-json\/wp\/v2\/comments?post=89166"}],"version-history":[{"count":0,"href":"https:\/\/linitiative.ca\/International\/wp-json\/wp\/v2\/posts\/89166\/revisions"}],"wp:attachment":[{"href":"https:\/\/linitiative.ca\/International\/wp-json\/wp\/v2\/media?parent=89166"}],"wp:term":[{"taxonomy":"category","embeddable":true,"href":"https:\/\/linitiative.ca\/International\/wp-json\/wp\/v2\/categories?post=89166"},{"taxonomy":"post_tag","embeddable":true,"href":"https:\/\/linitiative.ca\/International\/wp-json\/wp\/v2\/tags?post=89166"}],"curies":[{"name":"wp","href":"https:\/\/api.w.org\/{rel}","templated":true}]}}