{"id":89168,"date":"2020-06-16T10:30:00","date_gmt":"2020-06-16T14:30:00","guid":{"rendered":"https:\/\/linitiative.ca\/International\/mobilisation-generale-des-bejaouas-pour-retrouver-lelite-3-ans-apres\/"},"modified":"2020-06-16T10:30:00","modified_gmt":"2020-06-16T14:30:00","slug":"mobilisation-generale-des-bejaouas-pour-retrouver-lelite-3-ans-apres","status":"publish","type":"post","link":"https:\/\/linitiative.ca\/International\/mobilisation-generale-des-bejaouas-pour-retrouver-lelite-3-ans-apres\/","title":{"rendered":"Mobilisation g\u00e9n\u00e9rale des B\u00e9jaouas, pour retrouver l&rsquo;\u00e9lite, 3 ans apr\u00e8s\u00a0!"},"content":{"rendered":"<p class=\"p1 c3\"><span class=\"c2\">L&rsquo;O B\u00e9ja aura \u00e9t\u00e9 l&rsquo;un des tous premiers clubs \u00e0 reprendre le chemin du stade dans l&rsquo;espoir d&rsquo;\u00eatre fin pr\u00eat pour les deux<span class=\"Apple-converted-space\">\u00a0<\/span> matches barrages pour l&rsquo;accession en Ligue un, devant l\u2019opposer au second de sa poule (A) \u00e0 l\u2019E O Sidi Bouzid se sont entra\u00een\u00e9s mercredi dernier, pour la premi\u00e8re fois en pr\u00e9sence du leur public, venu nombreux encourager les siens, toutes les autres s\u00e9ances s&rsquo;\u00e9tant d\u00e9roul\u00e9es \u00e0 huis clos pour des consid\u00e9rations purement sanitaires. Il y a lieu de souligner que l&rsquo;OB qui occupe la premi\u00e8re place de sa poule (A) avec 32 points compte quatre longueurs d&rsquo;avance sur son adversaire et de ce fait il n&rsquo;aura pas besoin que d&rsquo;un seul point pour retrouver l&rsquo;\u00e9lite apr\u00e8s l&rsquo;avoir quitt\u00e9e au terme de la saison 2016-2017.<span class=\"Apple-converted-space\">\u00a0<\/span><\/span><\/p>\n<p class=\"p2 c4\"><span class=\"c2\"><strong>Pr\u00e9paration tous azimuts<span class=\"Apple-converted-space\">\u00a0<\/span><\/strong><\/span><\/p>\n<p class=\"p1 c3\"><span class=\"c2\">La pr\u00e9paration des B\u00e9jaois, men\u00e9e jusque l\u00e0 dans de bonnes conditions, a \u00e9t\u00e9 ponctu\u00e9e par deux matches amicaux disput\u00e9 contre le m\u00eame sparring-partner,<span class=\"Apple-converted-space\">\u00a0<\/span> l&rsquo;Avenir Sportif de R\u00e9jich. Celui-ci pr\u00e9parant, lui aussi, en sa qualit\u00e9 de leader de la poule B avec un total de 32 points \u00e0 son compteur, une double confrontation pour l\u2019accession parmi l&rsquo;\u00e9lite, face \u00e0 EGS Gafsa, la deuxi\u00e8me \u00e9quipe class\u00e9e de cette poule B, avec un total de 31 points.<\/span><\/p>\n<p class=\"p1 c3\"><span class=\"c2\">Le premier test, disput\u00e9<span class=\"Apple-converted-space\">\u00a0<\/span> dimanche au stade Zouiten, s\u2019est sold\u00e9 par la victoire des Sah\u00e9liens<span class=\"Apple-converted-space\">\u00a0<\/span> sur le score de (2-0). Les Nordistes prirent cependant leur revanche sur R\u00e9jich, en remportant le deuxi\u00e8me match amical disput\u00e9 au stade Jommaa Remili par (3-2), au terme d&rsquo;un d\u00e9bat tr\u00e8s anim\u00e9 de part et d&rsquo;autre<span class=\"Apple-converted-space\">\u00a0<\/span> et \u00e0 la lumi\u00e8re duquel les deux \u00e9quipes ont paru<span class=\"Apple-converted-space\">\u00a0<\/span> bien jambes dans la perspective de leurs respectifs challenges.<span class=\"Apple-converted-space\">\u00a0<\/span><\/span><\/p>\n<p class=\"p3 c5\"><span class=\"c2\"><strong>Covid 19\u00a0: Les joueurs<span class=\"Apple-converted-space\">\u00a0<\/span><\/strong><\/span><\/p>\n<p class=\"p3 c5\"><span class=\"c2\"><strong>de l\u2019O B\u00e9ja, test\u00e9s n\u00e9gatifs<\/strong><\/span><\/p>\n<p class=\"p1 c3\"><span class=\"c2\">En pr\u00e9vision de la double confrontation contre l&rsquo;Olympique Sidi Bouzid, 22 joueurs et 9 dirigeants de l&rsquo;O B\u00e9ja ont subi, au milieu de la semaine \u00e9coul\u00e9e, les tests de d\u00e9pistage du Coronavirus. Les tests, effectu\u00e9s conform\u00e9ment au protocole sanitaire \u00e9tabli par la FTF en \u00e9troite concertation avec le minist\u00e8re de la sant\u00e9 publique, se sont av\u00e9r\u00e9s, tous, n\u00e9gatifs.<\/span><\/p>\n<p class=\"p1 c3\"><span class=\"c2\"><strong>Programme <span class=\"Apple-converted-space\">\u00a0 <\/span><\/strong><\/span><\/p>\n<p class=\"p1 c3\"><span class=\"c2\"><strong>24 juin\u00a0: OB-EOSB<\/strong><\/span><\/p>\n<p class=\"p1 c3\"><span class=\"c2\"><strong>27 juin\u00a0: EOSB-OB<\/strong><\/span><\/p>\n<p class=\"p1 c3\"><span class=\"c2\">Notons, par ailleurs, que la F\u00e9d\u00e9ration Tunisienne de Football a d\u00e9sign\u00e9 les stades de Rad\u00e9s et du Zouiten pour accueillir les deux<span class=\"Apple-converted-space\">\u00a0<\/span> doubles confrontations qui auront lieu en nocturne, plus pr\u00e9cis\u00e9ment \u00e0 partir de 20h selon un protocole sanitaire strict. Les diff\u00e9rentes mesures figurant dans ce protocole seront communiqu\u00e9es aux quatre clubs concern\u00e9s et ce lors d\u2019une r\u00e9union pr\u00e9vue aujourd\u2019hui<span class=\"Apple-converted-space\">\u00a0<\/span> au si\u00e8ge de la FTF avec les dirigeants et les m\u00e9decins des quatre barragistes.<span class=\"Apple-converted-space\">\u00a0<\/span><\/span><\/p>\n<p class=\"p4 c6\"><span class=\"c2\"><strong>Ameur KERKENNI<\/strong><\/span><\/p>\n<p>Auteur: letemps1<br \/>\n<a href=\"http:\/\/www.letemps.com.tn\/article\/114856\/mobilisation-g%C3%A9n%C3%A9rale-des-b%C3%A9jaouas-pour-retrouver-l%C3%A9lite-3-ans-apr%C3%A8s%C2%A0\">Cliquez ici pour lire l&rsquo;article depuis sa source.<\/a><\/p>\n","protected":false},"excerpt":{"rendered":"<p>L&rsquo;O B\u00e9ja aura \u00e9t\u00e9 l&rsquo;un des tous premiers clubs \u00e0 reprendre le chemin du stade dans l&rsquo;espoir d&rsquo;\u00eatre fin pr\u00eat pour les deux\u00a0 matches barrages pour l&rsquo;accession en Ligue un, devant l\u2019opposer au second de sa poule (A) \u00e0 l\u2019E O Sidi Bouzid se sont entra\u00een\u00e9s mercredi dernier, pour la premi\u00e8re fois en pr\u00e9sence du [&hellip;]<\/p>\n","protected":false},"author":1773,"featured_media":0,"comment_status":"closed","ping_status":"closed","sticky":false,"template":"","format":"standard","meta":{"fifu_image_url":"","fifu_image_alt":"","footnotes":""},"categories":[73,55],"tags":[],"class_list":["post-89168","post","type-post","status-publish","format-standard","hentry","category-actualite","category-tunisie"],"_links":{"self":[{"href":"https:\/\/linitiative.ca\/International\/wp-json\/wp\/v2\/posts\/89168","targetHints":{"allow":["GET"]}}],"collection":[{"href":"https:\/\/linitiative.ca\/International\/wp-json\/wp\/v2\/posts"}],"about":[{"href":"https:\/\/linitiative.ca\/International\/wp-json\/wp\/v2\/types\/post"}],"author":[{"embeddable":true,"href":"https:\/\/linitiative.ca\/International\/wp-json\/wp\/v2\/users\/1773"}],"replies":[{"embeddable":true,"href":"https:\/\/linitiative.ca\/International\/wp-json\/wp\/v2\/comments?post=89168"}],"version-history":[{"count":0,"href":"https:\/\/linitiative.ca\/International\/wp-json\/wp\/v2\/posts\/89168\/revisions"}],"wp:attachment":[{"href":"https:\/\/linitiative.ca\/International\/wp-json\/wp\/v2\/media?parent=89168"}],"wp:term":[{"taxonomy":"category","embeddable":true,"href":"https:\/\/linitiative.ca\/International\/wp-json\/wp\/v2\/categories?post=89168"},{"taxonomy":"post_tag","embeddable":true,"href":"https:\/\/linitiative.ca\/International\/wp-json\/wp\/v2\/tags?post=89168"}],"curies":[{"name":"wp","href":"https:\/\/api.w.org\/{rel}","templated":true}]}}