{"id":89171,"date":"2020-06-16T15:13:13","date_gmt":"2020-06-16T19:13:13","guid":{"rendered":"https:\/\/linitiative.ca\/International\/pros-mbolhi-ne-quittera-pas-al-ittifaq\/"},"modified":"2020-06-16T15:13:13","modified_gmt":"2020-06-16T19:13:13","slug":"pros-mbolhi-ne-quittera-pas-al-ittifaq","status":"publish","type":"post","link":"https:\/\/linitiative.ca\/International\/pros-mbolhi-ne-quittera-pas-al-ittifaq\/","title":{"rendered":"Pros : Mbolhi ne quittera pas Al Ittifaq"},"content":{"rendered":"<div readability=\"32\">\n<p>Auteur : <span class=\"time\">mardi 16 juin 2020 17:00<\/span><\/p>\n<\/div>\n<div id=\"post_core\" readability=\"43\">\n<p>De nombreuses rumeurs ont circul\u00e9 ces derniers jours concernant le d\u00e9part de Rais Ouaheb Mbolhi cet \u00e9t\u00e9. Finalement, le portier du club d\u2019Al-Ettifaq, autoris\u00e9 \u00e0 prolonger sa p\u00e9riode de vacances en France ira jusqu\u2019au bout de son contrat.\u00a0 Rais par le biais de son agent, a tenu \u00e0 d\u00e9mentir toutes les rumeurs le donnant en d\u00e9saccord avec ses dirigeants. Courtis\u00e9 par plusieurs clubs,\u00a0 Mbolhi se contente de quelques l\u00e9gers entrainements en salle sous la houlette d\u2019un pr\u00e9parateur physique sp\u00e9cial \u00e0 Paris, sa ville natale. L\u2019ancien keeper du Krylia Sovetov Samara est attendue apr\u00e8s la reprise de son club,\u00a0 pr\u00e9vue en fin du mois courant.<\/p>\n<p><strong>Moumen A.<\/strong><\/p>\n<p><strong>Publi\u00e9 dans :<\/strong> <span>rais ouaheb mbohi<\/span><\/p>\n<\/div>\n<p>Auteur:<br \/>\n<a href=\"http:\/\/www.lebuteur.com\/article\/detail?titre=mbolhi-ne-quittera-pas-al-ittifaq&#038;id=96269&#038;utm_source=feedburner&#038;utm_medium=feed&#038;utm_campaign=Feed%3A+GalerieFArtciles+%28Les+derniers+articles++-+lebuteur.com%29\">Cliquez ici pour lire l&rsquo;article depuis sa source.<\/a><\/p>\n","protected":false},"excerpt":{"rendered":"<p>Auteur : mardi 16 juin 2020 17:00 De nombreuses rumeurs ont circul\u00e9 ces derniers jours concernant le d\u00e9part de Rais Ouaheb Mbolhi cet \u00e9t\u00e9. Finalement, le portier du club d\u2019Al-Ettifaq, autoris\u00e9 \u00e0 prolonger sa p\u00e9riode de vacances en France ira jusqu\u2019au bout de son contrat.\u00a0 Rais par le biais de son agent, a tenu \u00e0 [&hellip;]<\/p>\n","protected":false},"author":1738,"featured_media":89172,"comment_status":"closed","ping_status":"closed","sticky":false,"template":"","format":"standard","meta":{"fifu_image_url":"","fifu_image_alt":"","footnotes":""},"categories":[53,75],"tags":[],"class_list":["post-89171","post","type-post","status-publish","format-standard","has-post-thumbnail","hentry","category-algerie","category-sport"],"_links":{"self":[{"href":"https:\/\/linitiative.ca\/International\/wp-json\/wp\/v2\/posts\/89171","targetHints":{"allow":["GET"]}}],"collection":[{"href":"https:\/\/linitiative.ca\/International\/wp-json\/wp\/v2\/posts"}],"about":[{"href":"https:\/\/linitiative.ca\/International\/wp-json\/wp\/v2\/types\/post"}],"author":[{"embeddable":true,"href":"https:\/\/linitiative.ca\/International\/wp-json\/wp\/v2\/users\/1738"}],"replies":[{"embeddable":true,"href":"https:\/\/linitiative.ca\/International\/wp-json\/wp\/v2\/comments?post=89171"}],"version-history":[{"count":0,"href":"https:\/\/linitiative.ca\/International\/wp-json\/wp\/v2\/posts\/89171\/revisions"}],"wp:featuredmedia":[{"embeddable":true,"href":"https:\/\/linitiative.ca\/International\/wp-json\/"}],"wp:attachment":[{"href":"https:\/\/linitiative.ca\/International\/wp-json\/wp\/v2\/media?parent=89171"}],"wp:term":[{"taxonomy":"category","embeddable":true,"href":"https:\/\/linitiative.ca\/International\/wp-json\/wp\/v2\/categories?post=89171"},{"taxonomy":"post_tag","embeddable":true,"href":"https:\/\/linitiative.ca\/International\/wp-json\/wp\/v2\/tags?post=89171"}],"curies":[{"name":"wp","href":"https:\/\/api.w.org\/{rel}","templated":true}]}}