{"id":89180,"date":"2020-06-15T19:00:00","date_gmt":"2020-06-15T23:00:00","guid":{"rendered":"https:\/\/linitiative.ca\/International\/le-president-tebboune-recoit-lancien-president-de-la-republique-liamine-zeroual\/"},"modified":"2020-06-15T19:00:00","modified_gmt":"2020-06-15T23:00:00","slug":"le-president-tebboune-recoit-lancien-president-de-la-republique-liamine-zeroual","status":"publish","type":"post","link":"https:\/\/linitiative.ca\/International\/le-president-tebboune-recoit-lancien-president-de-la-republique-liamine-zeroual\/","title":{"rendered":"Le Pr\u00e9sident Tebboune  re\u00e7oit l\u2019ancien pr\u00e9sident  de la R\u00e9publique Liamine Zeroual"},"content":{"rendered":"<p>Le pr\u00e9sident de la R\u00e9publique, Abdelmadjid Tebboune, a re\u00e7u, hier, l\u2019ancien Pr\u00e9sident, le\u2008moudjahid Liamine Zeroual, a indiqu\u00e9 un communiqu\u00e9 de la pr\u00e9sidence de la R\u00e9publique.\u00a0<\/p>\n<p>\u00abLe pr\u00e9sident de la R\u00e9publique, Abdelmadjid Tebboune, a eu l\u2019insigne\u00a0 honneur de recevoir en audience l\u2019ancien Pr\u00e9sident, le moudjahid Liamine Zeroual, qui a tenu \u00e0 rendre une visite amicale au pr\u00e9sident de la R\u00e9publique, eu \u00e9gard aux liens solides et de longue date existant entre eux, empreints d\u2019amiti\u00e9 et de respect mutuels\u00bb, lit-on dans le communiqu\u00e9.<\/p>\n<p>Auteur: elmoudjahid<br \/>\n<a href=\"http:\/\/www.elmoudjahid.com\/fr\/actualites\/155007\">Cliquez ici pour lire l&rsquo;article depuis sa source.<\/a><\/p>\n","protected":false},"excerpt":{"rendered":"<p>Le pr\u00e9sident de la R\u00e9publique, Abdelmadjid Tebboune, a re\u00e7u, hier, l\u2019ancien Pr\u00e9sident, le\u2008moudjahid Liamine Zeroual, a indiqu\u00e9 un communiqu\u00e9 de la pr\u00e9sidence de la R\u00e9publique.\u00a0 \u00abLe pr\u00e9sident de la R\u00e9publique, Abdelmadjid Tebboune, a eu l\u2019insigne\u00a0 honneur de recevoir en audience l\u2019ancien Pr\u00e9sident, le moudjahid Liamine Zeroual, qui a tenu \u00e0 rendre une visite amicale au [&hellip;]<\/p>\n","protected":false},"author":1744,"featured_media":0,"comment_status":"closed","ping_status":"closed","sticky":false,"template":"","format":"standard","meta":{"fifu_image_url":"","fifu_image_alt":"","footnotes":""},"categories":[73,53],"tags":[],"class_list":["post-89180","post","type-post","status-publish","format-standard","hentry","category-actualite","category-algerie"],"_links":{"self":[{"href":"https:\/\/linitiative.ca\/International\/wp-json\/wp\/v2\/posts\/89180","targetHints":{"allow":["GET"]}}],"collection":[{"href":"https:\/\/linitiative.ca\/International\/wp-json\/wp\/v2\/posts"}],"about":[{"href":"https:\/\/linitiative.ca\/International\/wp-json\/wp\/v2\/types\/post"}],"author":[{"embeddable":true,"href":"https:\/\/linitiative.ca\/International\/wp-json\/wp\/v2\/users\/1744"}],"replies":[{"embeddable":true,"href":"https:\/\/linitiative.ca\/International\/wp-json\/wp\/v2\/comments?post=89180"}],"version-history":[{"count":0,"href":"https:\/\/linitiative.ca\/International\/wp-json\/wp\/v2\/posts\/89180\/revisions"}],"wp:attachment":[{"href":"https:\/\/linitiative.ca\/International\/wp-json\/wp\/v2\/media?parent=89180"}],"wp:term":[{"taxonomy":"category","embeddable":true,"href":"https:\/\/linitiative.ca\/International\/wp-json\/wp\/v2\/categories?post=89180"},{"taxonomy":"post_tag","embeddable":true,"href":"https:\/\/linitiative.ca\/International\/wp-json\/wp\/v2\/tags?post=89180"}],"curies":[{"name":"wp","href":"https:\/\/api.w.org\/{rel}","templated":true}]}}