{"id":89181,"date":"2020-06-15T19:00:00","date_gmt":"2020-06-15T23:00:00","guid":{"rendered":"https:\/\/linitiative.ca\/International\/conseil-de-la-nation-le-president-tebboune-nomme-me-saad-arous-membre-au-titre-du-tiers-presidentiel\/"},"modified":"2020-06-15T19:00:00","modified_gmt":"2020-06-15T23:00:00","slug":"conseil-de-la-nation-le-president-tebboune-nomme-me-saad-arous-membre-au-titre-du-tiers-presidentiel","status":"publish","type":"post","link":"https:\/\/linitiative.ca\/International\/conseil-de-la-nation-le-president-tebboune-nomme-me-saad-arous-membre-au-titre-du-tiers-presidentiel\/","title":{"rendered":"Conseil de la nation : Le Pr\u00e9sident Tebboune nomme Me Saad Arous  membre au titre du tiers pr\u00e9sidentiel"},"content":{"rendered":"<p>Le pr\u00e9sident de la R\u00e9publique, Abdelmadjid Tebboune, a nomm\u00e9 l&rsquo;avocat pr\u00e8s la Cour supr\u00eame et le Conseil d&rsquo;\u00c9tat, Me Saad Arous, en tant que membre du Conseil de la nation au titre du tiers pr\u00e9sidentiel, a indiqu\u00e9 hier un communiqu\u00e9 de la pr\u00e9sidence de la<br \/>R\u00e9publique. \u00abLe pr\u00e9sident de la R\u00e9publique, Abdelmadjid Tebboune, a sign\u00e9 un d\u00e9cret\u00a0 pr\u00e9sidentiel nommant l&rsquo;avocat pr\u00e8s la Cour supr\u00eame et le Conseil d&rsquo;\u00c9tat, Me Saad Arous, en tant que membre du Conseil de la nation au titre du tiers pr\u00e9sidentiel\u00bb, lit-on dans le communiqu\u00e9.<br \/>\u00a0<\/p>\n<p>Auteur: elmoudjahid<br \/>\n<a href=\"http:\/\/www.elmoudjahid.com\/fr\/actualites\/155008\">Cliquez ici pour lire l&rsquo;article depuis sa source.<\/a><\/p>\n","protected":false},"excerpt":{"rendered":"<p>Le pr\u00e9sident de la R\u00e9publique, Abdelmadjid Tebboune, a nomm\u00e9 l&rsquo;avocat pr\u00e8s la Cour supr\u00eame et le Conseil d&rsquo;\u00c9tat, Me Saad Arous, en tant que membre du Conseil de la nation au titre du tiers pr\u00e9sidentiel, a indiqu\u00e9 hier un communiqu\u00e9 de la pr\u00e9sidence de laR\u00e9publique. \u00abLe pr\u00e9sident de la R\u00e9publique, Abdelmadjid Tebboune, a sign\u00e9 un [&hellip;]<\/p>\n","protected":false},"author":1744,"featured_media":0,"comment_status":"closed","ping_status":"closed","sticky":false,"template":"","format":"standard","meta":{"fifu_image_url":"","fifu_image_alt":"","footnotes":""},"categories":[73,53],"tags":[],"class_list":["post-89181","post","type-post","status-publish","format-standard","hentry","category-actualite","category-algerie"],"_links":{"self":[{"href":"https:\/\/linitiative.ca\/International\/wp-json\/wp\/v2\/posts\/89181","targetHints":{"allow":["GET"]}}],"collection":[{"href":"https:\/\/linitiative.ca\/International\/wp-json\/wp\/v2\/posts"}],"about":[{"href":"https:\/\/linitiative.ca\/International\/wp-json\/wp\/v2\/types\/post"}],"author":[{"embeddable":true,"href":"https:\/\/linitiative.ca\/International\/wp-json\/wp\/v2\/users\/1744"}],"replies":[{"embeddable":true,"href":"https:\/\/linitiative.ca\/International\/wp-json\/wp\/v2\/comments?post=89181"}],"version-history":[{"count":0,"href":"https:\/\/linitiative.ca\/International\/wp-json\/wp\/v2\/posts\/89181\/revisions"}],"wp:attachment":[{"href":"https:\/\/linitiative.ca\/International\/wp-json\/wp\/v2\/media?parent=89181"}],"wp:term":[{"taxonomy":"category","embeddable":true,"href":"https:\/\/linitiative.ca\/International\/wp-json\/wp\/v2\/categories?post=89181"},{"taxonomy":"post_tag","embeddable":true,"href":"https:\/\/linitiative.ca\/International\/wp-json\/wp\/v2\/tags?post=89181"}],"curies":[{"name":"wp","href":"https:\/\/api.w.org\/{rel}","templated":true}]}}