{"id":89182,"date":"2020-06-16T10:30:00","date_gmt":"2020-06-16T14:30:00","guid":{"rendered":"https:\/\/linitiative.ca\/International\/installation-de-kamel-bernou-au-poste-de-directeur-general-de-la-modernisation-de-la-justice\/"},"modified":"2020-06-16T10:30:00","modified_gmt":"2020-06-16T14:30:00","slug":"installation-de-kamel-bernou-au-poste-de-directeur-general-de-la-modernisation-de-la-justice","status":"publish","type":"post","link":"https:\/\/linitiative.ca\/International\/installation-de-kamel-bernou-au-poste-de-directeur-general-de-la-modernisation-de-la-justice\/","title":{"rendered":"Installation de Kamel Bernou au poste de directeur g\u00e9n\u00e9ral de la  modernisation de la justice"},"content":{"rendered":"<p>Dans une allocution prononc\u00e9e \u00e0 l\u2019occasion, le ministre a affirm\u00e9 que l\u2019installation de M. Bernou \u00e0 la t\u00eate de cette direction \u00e9tait bien\u00a0<\/p>\n<p>m\u00e9rit\u00e9e, vu son s\u00e9rieux et son d\u00e9vouement dans l\u2019accomplissement de son devoir depuis son arriv\u00e9e \u00e0 l\u2019administration centrale du d\u00e9partement minist\u00e9riel de la justice en 2002 en tant qu\u2019ing\u00e9nieur d\u2019Etat en informatique\u00a0\u00bb.<\/p>\n<p>Son parcours professionnel, poursuit-il, est riche de l\u2019exp\u00e9rience technique en mati\u00e8re d&rsquo;informatique et de modernisation, en sus de son\u00a0<\/p>\n<p>exp\u00e9rience administrative \u00bb.Selon M. Zeghmati, cette mission a \u00e9t\u00e9 assign\u00e9e \u00e0 M. Bernou pour \u00ab sa haute comp\u00e9tence et performance en termes d\u2019informatique ainsi que sa maitrise des techniques de gestion administrative \u00bb.<\/p>\n<p>Il a rappel\u00e9, \u00e0 ce propos, que le nouveau DG de la modernisation de la justice avait assum\u00e9 plusieurs responsabilit\u00e9s au niveau de la Direction\u00a0<\/p>\n<p>g\u00e9n\u00e9rale de l\u2019Administration p\u00e9nitentiaire et de la r\u00e9insertion (DGAPR).<\/p>\n<p>Le nouveau DG a \u00e9galement occup\u00e9 d\u2019autres postes de responsabilit\u00e9 au sein des minist\u00e8res des Travaux publics et de l\u2019Int\u00e9rieur, pr\u00e9cise le ministre, ajoutant que M. Bernou aura de nouvelles missions li\u00e9es aux NTIC \u00e0 assumer avec responsabilit\u00e9 afin de contribuer \u00e0 la promotion du secteur.Par ailleurs, le Premier responsable du secteur a affirm\u00e9 que son d\u00e9partement avait d\u00e9cid\u00e9 d\u2019aller de l\u2019avant pour l\u2019introduction des TIC dans la gestion tant pour les proc\u00e9dures judiciaires que pour les prestations destin\u00e9es aux citoyens, aux magistrats et aux autres usagers, soulignant que ces technologies ont permis \u00e0 son secteur, durant les trois derniers mois, de surmonter plusieurs difficult\u00e9s et probl\u00e8mes induits par la propagation de la Covid-19. (APS)<\/p>\n<p>Auteur: elmoudjahid<br \/>\n<a href=\"http:\/\/www.elmoudjahid.com\/fr\/actualites\/155009\">Cliquez ici pour lire l&rsquo;article depuis sa source.<\/a><\/p>\n","protected":false},"excerpt":{"rendered":"<p>Dans une allocution prononc\u00e9e \u00e0 l\u2019occasion, le ministre a affirm\u00e9 que l\u2019installation de M. Bernou \u00e0 la t\u00eate de cette direction \u00e9tait bien\u00a0 m\u00e9rit\u00e9e, vu son s\u00e9rieux et son d\u00e9vouement dans l\u2019accomplissement de son devoir depuis son arriv\u00e9e \u00e0 l\u2019administration centrale du d\u00e9partement minist\u00e9riel de la justice en 2002 en tant qu\u2019ing\u00e9nieur d\u2019Etat en informatique\u00a0\u00bb. [&hellip;]<\/p>\n","protected":false},"author":1744,"featured_media":0,"comment_status":"closed","ping_status":"closed","sticky":false,"template":"","format":"standard","meta":{"fifu_image_url":"","fifu_image_alt":"","footnotes":""},"categories":[73,53],"tags":[],"class_list":["post-89182","post","type-post","status-publish","format-standard","hentry","category-actualite","category-algerie"],"_links":{"self":[{"href":"https:\/\/linitiative.ca\/International\/wp-json\/wp\/v2\/posts\/89182","targetHints":{"allow":["GET"]}}],"collection":[{"href":"https:\/\/linitiative.ca\/International\/wp-json\/wp\/v2\/posts"}],"about":[{"href":"https:\/\/linitiative.ca\/International\/wp-json\/wp\/v2\/types\/post"}],"author":[{"embeddable":true,"href":"https:\/\/linitiative.ca\/International\/wp-json\/wp\/v2\/users\/1744"}],"replies":[{"embeddable":true,"href":"https:\/\/linitiative.ca\/International\/wp-json\/wp\/v2\/comments?post=89182"}],"version-history":[{"count":0,"href":"https:\/\/linitiative.ca\/International\/wp-json\/wp\/v2\/posts\/89182\/revisions"}],"wp:attachment":[{"href":"https:\/\/linitiative.ca\/International\/wp-json\/wp\/v2\/media?parent=89182"}],"wp:term":[{"taxonomy":"category","embeddable":true,"href":"https:\/\/linitiative.ca\/International\/wp-json\/wp\/v2\/categories?post=89182"},{"taxonomy":"post_tag","embeddable":true,"href":"https:\/\/linitiative.ca\/International\/wp-json\/wp\/v2\/tags?post=89182"}],"curies":[{"name":"wp","href":"https:\/\/api.w.org\/{rel}","templated":true}]}}