{"id":89185,"date":"2020-06-16T08:17:53","date_gmt":"2020-06-16T12:17:53","guid":{"rendered":"https:\/\/linitiative.ca\/International\/106249-football-la-faf-remet-au-mjs-le-projet-protocole-envisagees-pour-la-reprise-des-activites\/"},"modified":"2020-06-16T08:17:53","modified_gmt":"2020-06-16T12:17:53","slug":"106249-football-la-faf-remet-au-mjs-le-projet-protocole-envisagees-pour-la-reprise-des-activites","status":"publish","type":"post","link":"https:\/\/linitiative.ca\/International\/106249-football-la-faf-remet-au-mjs-le-projet-protocole-envisagees-pour-la-reprise-des-activites\/","title":{"rendered":"Football: la FAF remet au MJS le projet-protocole envisag\u00e9es pour la reprise des activit\u00e9s"},"content":{"rendered":"<p><span class=\"sp-nh-title\">Le British Council met en ligne sa biblioth\u00e8que num\u00e9rique en Alg\u00e9rie \u00a0<\/span> &#8211; <span class=\"sp-nh-date\">mardi 16 juin 2020 20:05<\/span><\/p>\n<p><span class=\"sp-nh-title\">8 mai 1945 : la Journ\u00e9e nationale de la m\u00e9moire susceptible de pr\u00e9server cette halte historique<\/span> &#8211; <span class=\"sp-nh-date\">mardi 16 juin 2020 19:49<\/span><\/p>\n<p><span class=\"sp-nh-title\">Sortie progressive du confinement: des mesures compl\u00e9mentaires engag\u00e9es par le Premier ministre<\/span> &#8211; <span class=\"sp-nh-date\">mardi 16 juin 2020 19:23<\/span><\/p>\n<p><span class=\"sp-nh-title\">Pollution : 6.000 unit\u00e9s industrielles polluantes recens\u00e9es \u00e0 travers 35 wilayas<\/span> &#8211; <span class=\"sp-nh-date\">mardi 16 juin 2020 19:18<\/span><\/p>\n<p><span class=\"sp-nh-title\">La ministre de la Culture rencontre les responsables des sites class\u00e9es au patrimoine mondial<\/span> &#8211; <span class=\"sp-nh-date\">mardi 16 juin 2020 19:16<\/span><\/p>\n<p><span class=\"sp-nh-title\">Encourager l\u2019industrie de transformation agricole dans le Sud pour r\u00e9duire la facture d\u2019importation<\/span> &#8211; <span class=\"sp-nh-date\">mardi 16 juin 2020 19:02<\/span><\/p>\n<p><span class=\"sp-nh-title\">Commission de la Fatwa\/Covid-19: les pri\u00e8res restent par pr\u00e9caution suspendues dans les mosqu\u00e9es\u00a0<\/span> &#8211; <span class=\"sp-nh-date\">mardi 16 juin 2020 18:53<\/span><\/p>\n<p><span class=\"sp-nh-title\">Premier salon virtuel de la photographie d\u2019Annaba : plus de 500 photographes attendus \u00a0<\/span> &#8211; <span class=\"sp-nh-date\">mardi 16 juin 2020 18:49<\/span><\/p>\n<p><span class=\"sp-nh-title\">Indicateurs du e-paiement : saut qualitatif cette ann\u00e9e sur fond de la Covid-19<\/span> &#8211; <span class=\"sp-nh-date\">mardi 16 juin 2020 18:46<\/span><\/p>\n<p><span class=\"sp-nh-title\">Aucun pays au monde ne reconna\u00eet la pr\u00e9tendue souverainet\u00e9 du Maroc sur le Sahara occidental<\/span> &#8211; <span class=\"sp-nh-date\">mardi 16 juin 2020 18:44<\/span><\/p>\n<p><span class=\"sp-nh-title\">Solidarit\u00e9 nationale : des ateliers pour la mise \u00e0 jour de certains textes de loi\u00a0<\/span> &#8211; <span class=\"sp-nh-date\">mardi 16 juin 2020 18:35<\/span><\/p>\n<p><span class=\"sp-nh-title\">Zeghmati: amendement l\u00e9gislatif pour l\u2019\u00e9largissement de la technique de proc\u00e8s par visio-conf\u00e9rence<\/span> &#8211; <span class=\"sp-nh-date\">mardi 16 juin 2020 18:17<\/span><\/p>\n<p><span class=\"sp-nh-title\">Podemos appelle \u00e0 \u00e9tablir des relations diplomatiques de haut niveau avec la RASD<\/span> &#8211; <span class=\"sp-nh-date\">mardi 16 juin 2020 18:03<\/span><\/p>\n<p><span class=\"sp-nh-title\">Efficacit\u00e9 \u00e9nerg\u00e9tique: Quatre unit\u00e9s de production de Sonatrach certifi\u00e9es ISO 50001 \u00a0<\/span> &#8211; <span class=\"sp-nh-date\">mardi 16 juin 2020 18:01<\/span><\/p>\n<p><span class=\"sp-nh-title\">Et\u00e9 2020- AEP : pas de coupures ni perturbations dans l&rsquo;approvisionnement<\/span> &#8211; <span class=\"sp-nh-date\">mardi 16 juin 2020 17:36<\/span><\/p>\n<p><span class=\"sp-nh-title\">La Ligue d\u2019amiti\u00e9 alg\u00e9ro-mauritanienne met en avant les efforts des deux pays dans le renforcement des liens de coop\u00e9ration<\/span> &#8211; <span class=\"sp-nh-date\">mardi 16 juin 2020 17:34<\/span><\/p>\n<p><span class=\"sp-nh-title\">Justice: lancement prochain du parquet \u00e9lectronique\u00a0<\/span> &#8211; <span class=\"sp-nh-date\">mardi 16 juin 2020 17:28<\/span><\/p>\n<p><span class=\"sp-nh-title\">Coronavirus: 116 nouveaux cas, 107 gu\u00e9risons et 11 d\u00e9c\u00e8s durant les derni\u00e8res 24 h<\/span> &#8211; <span class=\"sp-nh-date\">mardi 16 juin 2020 17:25<\/span><\/p>\n<p><span class=\"sp-nh-title\">Mila : hausse des capacit\u00e9s de stockage des c\u00e9r\u00e9ales et des l\u00e9gumineuses \u00e0 2,3 millions de quintaux<\/span> &#8211; <span class=\"sp-nh-date\">mardi 16 juin 2020 17:10<\/span><\/p>\n<p><span class=\"sp-nh-title\">Un plan d\u2019urgence pour pr\u00e9server les palmiers de la ville d\u2019Oran<\/span> &#8211; <span class=\"sp-nh-date\">mardi 16 juin 2020 17:08<\/span><\/p>\n<p>Auteur:<br \/>\n<a href=\"http:\/\/www.aps.dz\/sport\/106249-football-la-faf-remet-au-mjs-le-projet-protocole-envisagees-pour-la-reprise-des-activites?utm_source=feedburner&#038;utm_medium=feed&#038;utm_campaign=Feed%3A+aps-sport+%28APS+-+SPORT%29\">Cliquez ici pour lire l&rsquo;article depuis sa source.<\/a><\/p>\n","protected":false},"excerpt":{"rendered":"<p>Le British Council met en ligne sa biblioth\u00e8que num\u00e9rique en Alg\u00e9rie \u00a0 &#8211; mardi 16 juin 2020 20:05 8 mai 1945 : la Journ\u00e9e nationale de la m\u00e9moire susceptible de pr\u00e9server cette halte historique &#8211; mardi 16 juin 2020 19:49 Sortie progressive du confinement: des mesures compl\u00e9mentaires engag\u00e9es par le Premier ministre &#8211; mardi 16 [&hellip;]<\/p>\n","protected":false},"author":1790,"featured_media":0,"comment_status":"closed","ping_status":"closed","sticky":false,"template":"","format":"standard","meta":{"fifu_image_url":"","fifu_image_alt":"","footnotes":""},"categories":[53,75],"tags":[],"class_list":["post-89185","post","type-post","status-publish","format-standard","hentry","category-algerie","category-sport"],"_links":{"self":[{"href":"https:\/\/linitiative.ca\/International\/wp-json\/wp\/v2\/posts\/89185","targetHints":{"allow":["GET"]}}],"collection":[{"href":"https:\/\/linitiative.ca\/International\/wp-json\/wp\/v2\/posts"}],"about":[{"href":"https:\/\/linitiative.ca\/International\/wp-json\/wp\/v2\/types\/post"}],"author":[{"embeddable":true,"href":"https:\/\/linitiative.ca\/International\/wp-json\/wp\/v2\/users\/1790"}],"replies":[{"embeddable":true,"href":"https:\/\/linitiative.ca\/International\/wp-json\/wp\/v2\/comments?post=89185"}],"version-history":[{"count":0,"href":"https:\/\/linitiative.ca\/International\/wp-json\/wp\/v2\/posts\/89185\/revisions"}],"wp:attachment":[{"href":"https:\/\/linitiative.ca\/International\/wp-json\/wp\/v2\/media?parent=89185"}],"wp:term":[{"taxonomy":"category","embeddable":true,"href":"https:\/\/linitiative.ca\/International\/wp-json\/wp\/v2\/categories?post=89185"},{"taxonomy":"post_tag","embeddable":true,"href":"https:\/\/linitiative.ca\/International\/wp-json\/wp\/v2\/tags?post=89185"}],"curies":[{"name":"wp","href":"https:\/\/api.w.org\/{rel}","templated":true}]}}