{"id":89186,"date":"2020-06-16T11:03:10","date_gmt":"2020-06-16T15:03:10","guid":{"rendered":"https:\/\/linitiative.ca\/International\/106267-football-le-dr-bekkat-berkani-plaide-pour-l-annulation-de-la-saison-sportive\/"},"modified":"2020-06-16T11:03:10","modified_gmt":"2020-06-16T15:03:10","slug":"106267-football-le-dr-bekkat-berkani-plaide-pour-l-annulation-de-la-saison-sportive","status":"publish","type":"post","link":"https:\/\/linitiative.ca\/International\/106267-football-le-dr-bekkat-berkani-plaide-pour-l-annulation-de-la-saison-sportive\/","title":{"rendered":"Football : le Dr Bekkat Berkani plaide pour l&rsquo;annulation de la saison sportive"},"content":{"rendered":"<div readability=\"39\">\n<p><strong>ALGER &#8211; Le Dr Mohamed Bekkat Berkani, membre de la Commission nationale de veille et de suivi de l&rsquo;\u00e9volution de l&rsquo;\u00e9pid\u00e9mie du nouveau coronavirus (COVID-19), s&rsquo;est prononc\u00e9 mardi contre la reprise des championnats de football en Alg\u00e9rie, suspendus depuis mi-mars, estimant qu&rsquo;une \u00e9ventuelle annulation de la saison serait \u00ab\u00a0la meilleure d\u00e9cision\u00a0\u00bb.<\/strong><\/p>\n<\/div>\n<div readability=\"91.30235645536\">\n<p>\u00ab\u00a0Il y a eu un d\u00e9confinement partiel, l&rsquo;autorisation de rassemblements n&rsquo;a pas encore \u00e9t\u00e9 d\u00e9cr\u00e9t\u00e9e. Donc, je pense qu&rsquo;il serait mieux d&rsquo;annuler la saison sportive, afin de pr\u00e9server la sant\u00e9 de tout le monde. La situation sanitaire au pays est stable, mais pas encore ma\u00eetrisable\u00a0\u00bb, a affirm\u00e9 \u00e0 l&rsquo;APS le Dr Bekkat Berkani, \u00e9galement pr\u00e9sident du Conseil national de l&rsquo;Ordre des m\u00e9decins, sp\u00e9cialiste des pathologies respiratoires.<\/p>\n<p>La saison footballistique 2019-2020, suspendue depuis le 16 mars en raison du COVID-19, reprendrait ses droits apr\u00e8s \u00ab\u00a0la lev\u00e9e du confinement et autorisation de rassemblements\u00a0\u00bb, comme d\u00e9cid\u00e9 lors de la r\u00e9cente r\u00e9union du Bureau ex\u00e9cutif de la F\u00e9d\u00e9ration alg\u00e9rienne (FAF).<\/p>\n<blockquote readability=\"12\">\n<p><em><strong>\u00ab\u00a0A partir du moment que les mosqu\u00e9es, \u00e9coles, universit\u00e9s et salles des f\u00eates n&rsquo;ont pas \u00e9t\u00e9 autoris\u00e9s \u00e0 rouvrir, je ne vois pas l&rsquo;utilit\u00e9 de poursuivre la saison footballistique, avec tout ce que cela implique comme risque r\u00e9el pour la sant\u00e9 d&rsquo;autrui\u00a0\u00bb, a-t-il ajout\u00e9.<\/strong><\/em><\/p>\n<\/blockquote>\n<p>La F\u00e9d\u00e9ration alg\u00e9rienne de football vient d&rsquo;annoncer avoir remis, lundi, au minist\u00e8re de la Jeunesse et des Sports (MJS) le document portant \u00ab\u00a0Mesures envisag\u00e9es pour la remise du jeu\u00a0\u00bb, en relation avec la pand\u00e9mie de COVID-19.<\/p>\n<p>\u00ab\u00a0Je suis persuad\u00e9 que le protocole sanitaire ne sera pas respect\u00e9 par les clubs. La preuve : la Commission nationale de veille et de suivi de l&rsquo;\u00e9volution de l&rsquo;\u00e9pid\u00e9mie de COVID-19 a d\u00e9cid\u00e9 de rendre le port du masque de protection obligatoire, mais il y a des personnes qui ne respectent pas encore cette mesure\u00a0\u00bb.<\/p>\n<blockquote readability=\"12\">\n<p><em><strong>Avant de conclure : \u00ab\u00a0Il ne faut pas compliquer davantage la situation en relan\u00e7ant la comp\u00e9tition sportive. Le football est un sport de contact, donc le risque est partout : sur le banc, dans les vestiaires et dans l&rsquo;enceinte sportive en g\u00e9n\u00e9ral. Donc, je plaide pour un report o\u00f9 carr\u00e9ment l&rsquo;annulation de la saison, c&rsquo;est la meilleure d\u00e9cision qu&rsquo;on puisse prendre aujourd&rsquo;hui\u00a0\u00bb.<\/strong><\/em><\/p>\n<\/blockquote>\n<p>La feuille de route retenue par la FAF consiste \u00e0 poursuivre le reste de la saison 2019-2020 des Ligues 1 et 2 sur 8 semaines, apr\u00e8s une p\u00e9riode de pr\u00e9paration de 5 \u00e0 6 semaines, quelle que soit la date qui sera arr\u00eat\u00e9e par les pouvoirs publics.<\/p>\n<hr\/>\n<p><strong>Lire\u00a0 aussi:<\/strong>\u00a0<a href=\"https:\/\/41.110.185.2\/proxy\/19d03052\/http\/www.aps.dz\/sport\/103263-foot-coronavirus-on-ne-veut-pas-d-une-saison-blanche\">Foot-Coronavirus: \u00ab\u00a0on ne veut pas d&rsquo;une saison blanche\u00a0\u00bb<\/a><\/p>\n<hr\/>\n<blockquote readability=\"7\">\n<p><em><strong>S&rsquo;ensuivra une phase de repos total d&rsquo;au moins une semaine aux joueurs puis une autre active d&rsquo;un mois qui amorce le d\u00e9but de la p\u00e9riode d\u2019enregistrement. Ce n\u2019est qu\u2019apr\u00e8s cette phase que la nouvelle saison d\u00e9butera \u00e0 une date \u00e0 arr\u00eater ult\u00e9rieurement.<\/strong><\/em><\/p>\n<\/blockquote>\n<p>Pr\u00e9sid\u00e9e par le ministre de la Sant\u00e9, de la Population et de la R\u00e9forme hospitali\u00e8re, Abderrahmane Benbouzid, la Commission nationale de veille et de suivi de l&rsquo;\u00e9volution du COVID-19 est compos\u00e9e notamment du Dr Djamel Fourar (porte-parole), du Dr Mohamed Bekkat Berkani, du professeur Ryad Mahyaoui, sp\u00e9cialiste en r\u00e9animation m\u00e9dicale ou encore du professeur Elias Akhamoukh, sp\u00e9cialiste des maladies infectieuses et tropicales \u00e0 l\u2019h\u00f4pital de Tamanrasset.<\/p>\n<\/div>\n<p>Auteur:<br \/>\n<a href=\"http:\/\/www.aps.dz\/sport\/106267-football-le-dr-bekkat-berkani-plaide-pour-l-annulation-de-la-saison-sportive?utm_source=feedburner&#038;utm_medium=feed&#038;utm_campaign=Feed%3A+aps-sport+%28APS+-+SPORT%29\">Cliquez ici pour lire l&rsquo;article depuis sa source.<\/a><\/p>\n","protected":false},"excerpt":{"rendered":"<p>ALGER &#8211; Le Dr Mohamed Bekkat Berkani, membre de la Commission nationale de veille et de suivi de l&rsquo;\u00e9volution de l&rsquo;\u00e9pid\u00e9mie du nouveau coronavirus (COVID-19), s&rsquo;est prononc\u00e9 mardi contre la reprise des championnats de football en Alg\u00e9rie, suspendus depuis mi-mars, estimant qu&rsquo;une \u00e9ventuelle annulation de la saison serait \u00ab\u00a0la meilleure d\u00e9cision\u00a0\u00bb. \u00ab\u00a0Il y a eu [&hellip;]<\/p>\n","protected":false},"author":1790,"featured_media":0,"comment_status":"closed","ping_status":"closed","sticky":false,"template":"","format":"standard","meta":{"fifu_image_url":"","fifu_image_alt":"","footnotes":""},"categories":[53,75],"tags":[],"class_list":["post-89186","post","type-post","status-publish","format-standard","hentry","category-algerie","category-sport"],"_links":{"self":[{"href":"https:\/\/linitiative.ca\/International\/wp-json\/wp\/v2\/posts\/89186","targetHints":{"allow":["GET"]}}],"collection":[{"href":"https:\/\/linitiative.ca\/International\/wp-json\/wp\/v2\/posts"}],"about":[{"href":"https:\/\/linitiative.ca\/International\/wp-json\/wp\/v2\/types\/post"}],"author":[{"embeddable":true,"href":"https:\/\/linitiative.ca\/International\/wp-json\/wp\/v2\/users\/1790"}],"replies":[{"embeddable":true,"href":"https:\/\/linitiative.ca\/International\/wp-json\/wp\/v2\/comments?post=89186"}],"version-history":[{"count":0,"href":"https:\/\/linitiative.ca\/International\/wp-json\/wp\/v2\/posts\/89186\/revisions"}],"wp:attachment":[{"href":"https:\/\/linitiative.ca\/International\/wp-json\/wp\/v2\/media?parent=89186"}],"wp:term":[{"taxonomy":"category","embeddable":true,"href":"https:\/\/linitiative.ca\/International\/wp-json\/wp\/v2\/categories?post=89186"},{"taxonomy":"post_tag","embeddable":true,"href":"https:\/\/linitiative.ca\/International\/wp-json\/wp\/v2\/tags?post=89186"}],"curies":[{"name":"wp","href":"https:\/\/api.w.org\/{rel}","templated":true}]}}