{"id":89187,"date":"2020-06-16T12:50:00","date_gmt":"2020-06-16T16:50:00","guid":{"rendered":"https:\/\/linitiative.ca\/International\/asthme-la-peur-plus-forte-que-les-traitements\/"},"modified":"2020-06-16T12:50:00","modified_gmt":"2020-06-16T16:50:00","slug":"asthme-la-peur-plus-forte-que-les-traitements","status":"publish","type":"post","link":"https:\/\/linitiative.ca\/International\/asthme-la-peur-plus-forte-que-les-traitements\/","title":{"rendered":"Asthme : la peur plus forte que les traitements"},"content":{"rendered":"<p><br id=\"sep_para_1\" class=\"sep_para access\"\/><\/p>\n<div id=\"para_1\" class=\"para_37464230 resize\">\n<div class=\"texte access firstletter\">Pour la majorit\u00e9 des asthmatiques, les sympt\u00f4mes de leur maladie sont devenus suspects au regard des autres pendant l&rsquo;\u00e9pid\u00e9mie. Par peur d&rsquo;\u00eatre contamin\u00e9s, les patients atteints d&rsquo;affection longue dur\u00e9e ont d\u00e9sert\u00e9 les h\u00f4pitaux et les cabinets m\u00e9dicaux pendant l&rsquo;\u00e9pid\u00e9mie. Le renoncement des malades aux soins n&rsquo;a pas \u00e9t\u00e9 sans dommages. Pour les asthmatiques, cet isolement impos\u00e9 a \u00e9t\u00e9 v\u00e9cu avec beaucoup de difficult\u00e9s. En France qui comptent plus de 3,5 millions d\u2019asthmatiques un sondage effectu\u00e9\u00a0 par le laboratoire Sanofi Genzyme, d\u00e9but juin r\u00e9v\u00e8le que 60% des patients souffrant de cette maladie chronique respiratoire ont estim\u00e9 avoir plus de risques d&rsquo;\u00eatre infect\u00e9s par le Covid-19 et cela s&rsquo;est traduit notamment par une crainte de se rendre chez un professionnel de sant\u00e9, plus particuli\u00e8rement pour 75% des asthmatiques s\u00e9v\u00e8res. Plus pr\u00e9occupant, dans cette vaste enqu\u00eate, 8% de ces malades ont soulign\u00e9 une d\u00e9t\u00e9rioration de leurs probl\u00e8mes d&rsquo;asthme. L&rsquo;enqu\u00eate pointe \u00e9galement que \u00ab\u00a0l&rsquo;impact de l&rsquo;\u00e9pid\u00e9mie a affect\u00e9 les asthmatiques dans leur rapport aux autres. 57% ont redout\u00e9 d&rsquo;inqui\u00e9ter en raison de leurs sympt\u00f4mes (comme la toux) proches de ceux du virus et que tousser devenait un acte suspect et stigmatisant\u00a0\u00bb. Enfin, d&rsquo;autres avouent avoir tout simplement stopp\u00e9 leur traitement pendant la crise sanitaire. \u00ab\u00a0L&rsquo;asthme s\u00e9v\u00e8re ne se traite pas comme un asthme classique, explique la pr\u00e9sidente de l&rsquo;association de patients asthme s\u00e9v\u00e8re.\u00a0 C&rsquo;est une forme qui est tr\u00e8s peu connue et reconnue, mais ceux qui en sont atteints, ont plus ou moins connu un \u00e9pisode en r\u00e9animation dans leur vie. Alors, je comprends que la peur ait pu s&rsquo;installer. Cette \u00e9pid\u00e9mie a raviv\u00e9 des souvenirs douloureux. Et les informations contradictoires sur la prise de certains m\u00e9dicaments, la cortisone notamment, n&rsquo;ont fait qu&rsquo;augmenter leur d\u00e9sarroi. Sachant qu&rsquo;avec un traitement continu, on arrive plus ou moins bien \u00e0 stabiliser la maladie, il est imp\u00e9ratif pour eux de reprendre le cours de la vie et de faire le point avec son m\u00e9decin\u00a0\u00bb. Un Pneumologue \u00e0 l&rsquo;h\u00f4pital \u00e0 Marseille, le confirme : depuis le d\u00e9confinement, il voit arriver dans son cabinet des malades en rupture de traitement, la faute \u00e0 des rumeurs sur \u00ab\u00a0le risque d&rsquo;infection grave li\u00e9e \u00e0 la prise de certains m\u00e9dicaments\u00a0\u00bb qui ont conduit certains asthmatiques \u00e0 remettre en question leur traitement. \u00ab\u00a0Ces discours ont cr\u00e9\u00e9 un vent de panique, dit-il. Apr\u00e8s deux mois de confinement, la maladie inflammatoire chronique a repris ses droits chez ces patients qui aujourd&rsquo;hui viennent en consultation dans un \u00e9tat pr\u00e9occupant. C&rsquo;est un peu notre deuxi\u00e8me vague\u00a0\u00bb. Les asthmatiques n\u2018ont pas plus de risques que le reste de la population de contracter cette maladie. En revanche, ils ont plus de risque de d\u00e9velopper des complications respiratoires en cas de contamination.\u00a0 Et de rappeler que l&rsquo;asthme est une inflammation chronique des bronches.<\/div>\n<\/div>\n<p>Auteur: R\u00e9flexion<br \/>\n<a href=\"https:\/\/www.reflexiondz.net\/Asthme-la-peur-plus-forte-que-les-traitements_a63403.html\">Cliquez ici pour lire l&rsquo;article depuis sa source.<\/a><\/p>\n","protected":false},"excerpt":{"rendered":"<p>Pour la majorit\u00e9 des asthmatiques, les sympt\u00f4mes de leur maladie sont devenus suspects au regard des autres pendant l&rsquo;\u00e9pid\u00e9mie. Par peur d&rsquo;\u00eatre contamin\u00e9s, les patients atteints d&rsquo;affection longue dur\u00e9e ont d\u00e9sert\u00e9 les h\u00f4pitaux et les cabinets m\u00e9dicaux pendant l&rsquo;\u00e9pid\u00e9mie. Le renoncement des malades aux soins n&rsquo;a pas \u00e9t\u00e9 sans dommages. Pour les asthmatiques, cet isolement [&hellip;]<\/p>\n","protected":false},"author":1740,"featured_media":0,"comment_status":"closed","ping_status":"closed","sticky":false,"template":"","format":"standard","meta":{"fifu_image_url":"","fifu_image_alt":"","footnotes":""},"categories":[53,76],"tags":[],"class_list":["post-89187","post","type-post","status-publish","format-standard","hentry","category-algerie","category-regions"],"_links":{"self":[{"href":"https:\/\/linitiative.ca\/International\/wp-json\/wp\/v2\/posts\/89187","targetHints":{"allow":["GET"]}}],"collection":[{"href":"https:\/\/linitiative.ca\/International\/wp-json\/wp\/v2\/posts"}],"about":[{"href":"https:\/\/linitiative.ca\/International\/wp-json\/wp\/v2\/types\/post"}],"author":[{"embeddable":true,"href":"https:\/\/linitiative.ca\/International\/wp-json\/wp\/v2\/users\/1740"}],"replies":[{"embeddable":true,"href":"https:\/\/linitiative.ca\/International\/wp-json\/wp\/v2\/comments?post=89187"}],"version-history":[{"count":0,"href":"https:\/\/linitiative.ca\/International\/wp-json\/wp\/v2\/posts\/89187\/revisions"}],"wp:attachment":[{"href":"https:\/\/linitiative.ca\/International\/wp-json\/wp\/v2\/media?parent=89187"}],"wp:term":[{"taxonomy":"category","embeddable":true,"href":"https:\/\/linitiative.ca\/International\/wp-json\/wp\/v2\/categories?post=89187"},{"taxonomy":"post_tag","embeddable":true,"href":"https:\/\/linitiative.ca\/International\/wp-json\/wp\/v2\/tags?post=89187"}],"curies":[{"name":"wp","href":"https:\/\/api.w.org\/{rel}","templated":true}]}}