{"id":89188,"date":"2020-06-16T12:58:00","date_gmt":"2020-06-16T16:58:00","guid":{"rendered":"https:\/\/linitiative.ca\/International\/ali-ghediri-adresse-une-lettre-au-president-tebboune\/"},"modified":"2020-06-16T12:58:00","modified_gmt":"2020-06-16T16:58:00","slug":"ali-ghediri-adresse-une-lettre-au-president-tebboune","status":"publish","type":"post","link":"https:\/\/linitiative.ca\/International\/ali-ghediri-adresse-une-lettre-au-president-tebboune\/","title":{"rendered":"Ali Ghediri adresse une  lettre au pr\u00e9sident Tebboune"},"content":{"rendered":"<p><br id=\"sep_para_1\" class=\"sep_para access\"\/><\/p>\n<div id=\"para_1\" class=\"para_37464285 resize\">\n<div class=\"texte access firstletter\">Le g\u00e9n\u00e9ral-\u00acmajor \u00e0 la retraite, Ali Ghediri, ex-candidat aux \u00e9lections pr\u00e9sidentielles du 18 avril 2019 emprisonn\u00e9 depuis 2019 au centre d\u2019arr\u00eat d\u2019El Harrach s\u2019est adress\u00e9 au chef de l\u2019\u00c9tat Abdelmadjid Tebboune dans une lettre ouverte r\u00e9dig\u00e9e dans sa cellule. En effet, apr\u00e8s une ann\u00e9e d\u2019emprisonnement, Ali Ghedidi a interpell\u00e9,\u00a0 depuis sa cellule d\u2019El Harrach, le pr\u00e9sident de la R\u00e9publique Abdelmadjid Tebboune pour une justice \u00e9quitable, sereine et diligente qui puisse s\u2019exercer sans injonctions d\u2019o\u00f9 qu\u2019elles puissent \u00e9maner. Pour rappel, la semaine pass\u00e9e plusieurs sources m\u00e9diatiques ont indiqu\u00e9 que le g\u00e9n\u00e9ral \u00e0 la retraite Ali Ghediri a \u00e9t\u00e9\u00a0 innocent\u00e9 du chef d\u2019accusation intelligence avec l\u2019\u00e9tranger, retenant contre lui, seulement, chef d\u2019inculpation \u00e0 savoir entreprise de d\u00e9moralisation de l\u2019arm\u00e9e.\u00a0\u00a0<\/div>\n<\/div>\n<p>Auteur: R\u00e9flexion<br \/>\n<a href=\"https:\/\/www.reflexiondz.net\/Ali-Ghediri-adresse-une-lettre-au-president-Tebboune_a63414.html\">Cliquez ici pour lire l&rsquo;article depuis sa source.<\/a><\/p>\n","protected":false},"excerpt":{"rendered":"<p>Le g\u00e9n\u00e9ral-\u00acmajor \u00e0 la retraite, Ali Ghediri, ex-candidat aux \u00e9lections pr\u00e9sidentielles du 18 avril 2019 emprisonn\u00e9 depuis 2019 au centre d\u2019arr\u00eat d\u2019El Harrach s\u2019est adress\u00e9 au chef de l\u2019\u00c9tat Abdelmadjid Tebboune dans une lettre ouverte r\u00e9dig\u00e9e dans sa cellule. En effet, apr\u00e8s une ann\u00e9e d\u2019emprisonnement, Ali Ghedidi a interpell\u00e9,\u00a0 depuis sa cellule d\u2019El Harrach, le [&hellip;]<\/p>\n","protected":false},"author":1740,"featured_media":0,"comment_status":"closed","ping_status":"closed","sticky":false,"template":"","format":"standard","meta":{"fifu_image_url":"","fifu_image_alt":"","footnotes":""},"categories":[53,76],"tags":[],"class_list":["post-89188","post","type-post","status-publish","format-standard","hentry","category-algerie","category-regions"],"_links":{"self":[{"href":"https:\/\/linitiative.ca\/International\/wp-json\/wp\/v2\/posts\/89188","targetHints":{"allow":["GET"]}}],"collection":[{"href":"https:\/\/linitiative.ca\/International\/wp-json\/wp\/v2\/posts"}],"about":[{"href":"https:\/\/linitiative.ca\/International\/wp-json\/wp\/v2\/types\/post"}],"author":[{"embeddable":true,"href":"https:\/\/linitiative.ca\/International\/wp-json\/wp\/v2\/users\/1740"}],"replies":[{"embeddable":true,"href":"https:\/\/linitiative.ca\/International\/wp-json\/wp\/v2\/comments?post=89188"}],"version-history":[{"count":0,"href":"https:\/\/linitiative.ca\/International\/wp-json\/wp\/v2\/posts\/89188\/revisions"}],"wp:attachment":[{"href":"https:\/\/linitiative.ca\/International\/wp-json\/wp\/v2\/media?parent=89188"}],"wp:term":[{"taxonomy":"category","embeddable":true,"href":"https:\/\/linitiative.ca\/International\/wp-json\/wp\/v2\/categories?post=89188"},{"taxonomy":"post_tag","embeddable":true,"href":"https:\/\/linitiative.ca\/International\/wp-json\/wp\/v2\/tags?post=89188"}],"curies":[{"name":"wp","href":"https:\/\/api.w.org\/{rel}","templated":true}]}}