{"id":89189,"date":"2020-06-16T12:58:00","date_gmt":"2020-06-16T16:58:00","guid":{"rendered":"https:\/\/linitiative.ca\/International\/ali-laskri-veut-limplosion-du-ffs\/"},"modified":"2020-06-16T12:58:00","modified_gmt":"2020-06-16T16:58:00","slug":"ali-laskri-veut-limplosion-du-ffs","status":"publish","type":"post","link":"https:\/\/linitiative.ca\/International\/ali-laskri-veut-limplosion-du-ffs\/","title":{"rendered":"Ali Laskri  veut l\u2019implosion du FFS ?!"},"content":{"rendered":"<p><br id=\"sep_para_1\" class=\"sep_para access\"\/><\/p>\n<div id=\"para_1\" class=\"para_37464283 resize\">\n<div class=\"texte access firstletter\">Le congr\u00e8s extraordinaire que le premier secr\u00e9taire national du front des forces socialistes (FFS) compte tenir les 9 et 10 juillet prochain risque de creuser davantage le foss\u00e9 qui s\u00e9pare les deux camps qui se disputent la direction du parti. L\u2019ancien coordinateur de l\u2019instance pr\u00e9sidentielle, Ali Laskri, vient en effet, de signifier son refus de ce congr\u00e8s, proposant la tenue d\u2019une session extraordinaire du Conseil national du parti pour le 27 juin prochain. Une session conforme aux statuts du parti qui sera un \u00abmoment de d\u00e9bat, de confrontation d&rsquo;id\u00e9es et de d\u00e9mocratie interne en vue d&rsquo;une solution de sortie de la crise organique du parti et de rassemblement de toutes les \u00e9nergies, dans un esprit apais\u00e9, pacifique et d\u00e9tendu\u00bb, soutient la direction nationale rest\u00e9e fid\u00e8le \u00e0 Laskri. Dans un communiqu\u00e9 sanctionnant trois rencontres tenues le week-end dernier au niveau des wilayas de Bouira, Boumerd\u00e8s et B\u00e9ja\u00efa, cette aile, qui a contest\u00e9 de tout temps la mainmise sur le parti du fameux \u00abcabinet noir\u00bb, estime que \u00abdans ces moments d\u2019incertitude politique et de difficult\u00e9s socio-\u00e9conomiques, est venue la d\u00e9mission de trois membres de l&rsquo; IP et l\u2019installation clandestine de la CPCN, deux \u00e9v\u00e9nements accomplis en dehors du conseil national, organe d\u00e9lib\u00e9rant et souverain entre deux congr\u00e8s\u00bb. Une d\u00e9mission mise \u00e0 profit par le premier secr\u00e9taire national, Hakim Belahcel, pour couper les amarres avec Laskri et convoquer un congr\u00e8s extraordinaire. Une d\u00e9marche \u00abnon statutaire\u00bb, estime la direction nationale, contrairement \u00e0 ce qu\u2019affirme Hakim Belahcel, qui dit se fier \u00e0 l\u2019article 148 des m\u00eames statuts. Ce qui a engendr\u00e9 une situation \u00abin\u00e9dite\u00bb dans l\u2019histoire du doyen des partis de l\u2019opposition, parti avec, notamment, deux directions nationales, l\u2019une activant au si\u00e8ge national du parti et l\u2019autre ayant lou\u00e9 un appartement \u00e0 Alger-Centre.<\/div>\n<\/div>\n<p>Auteur: R\u00e9flexion<br \/>\n<a href=\"https:\/\/www.reflexiondz.net\/Ali-Laskri-veut-l-implosion-du-FFS-_a63413.html\">Cliquez ici pour lire l&rsquo;article depuis sa source.<\/a><\/p>\n","protected":false},"excerpt":{"rendered":"<p>Le congr\u00e8s extraordinaire que le premier secr\u00e9taire national du front des forces socialistes (FFS) compte tenir les 9 et 10 juillet prochain risque de creuser davantage le foss\u00e9 qui s\u00e9pare les deux camps qui se disputent la direction du parti. L\u2019ancien coordinateur de l\u2019instance pr\u00e9sidentielle, Ali Laskri, vient en effet, de signifier son refus de [&hellip;]<\/p>\n","protected":false},"author":1740,"featured_media":0,"comment_status":"closed","ping_status":"closed","sticky":false,"template":"","format":"standard","meta":{"fifu_image_url":"","fifu_image_alt":"","footnotes":""},"categories":[53,76],"tags":[],"class_list":["post-89189","post","type-post","status-publish","format-standard","hentry","category-algerie","category-regions"],"_links":{"self":[{"href":"https:\/\/linitiative.ca\/International\/wp-json\/wp\/v2\/posts\/89189","targetHints":{"allow":["GET"]}}],"collection":[{"href":"https:\/\/linitiative.ca\/International\/wp-json\/wp\/v2\/posts"}],"about":[{"href":"https:\/\/linitiative.ca\/International\/wp-json\/wp\/v2\/types\/post"}],"author":[{"embeddable":true,"href":"https:\/\/linitiative.ca\/International\/wp-json\/wp\/v2\/users\/1740"}],"replies":[{"embeddable":true,"href":"https:\/\/linitiative.ca\/International\/wp-json\/wp\/v2\/comments?post=89189"}],"version-history":[{"count":0,"href":"https:\/\/linitiative.ca\/International\/wp-json\/wp\/v2\/posts\/89189\/revisions"}],"wp:attachment":[{"href":"https:\/\/linitiative.ca\/International\/wp-json\/wp\/v2\/media?parent=89189"}],"wp:term":[{"taxonomy":"category","embeddable":true,"href":"https:\/\/linitiative.ca\/International\/wp-json\/wp\/v2\/categories?post=89189"},{"taxonomy":"post_tag","embeddable":true,"href":"https:\/\/linitiative.ca\/International\/wp-json\/wp\/v2\/tags?post=89189"}],"curies":[{"name":"wp","href":"https:\/\/api.w.org\/{rel}","templated":true}]}}