{"id":89190,"date":"2020-06-16T12:58:00","date_gmt":"2020-06-16T16:58:00","guid":{"rendered":"https:\/\/linitiative.ca\/International\/zeghmati-nomme-un-dg-charge-de-la-modernisation-de-la-justice\/"},"modified":"2020-06-16T12:58:00","modified_gmt":"2020-06-16T16:58:00","slug":"zeghmati-nomme-un-dg-charge-de-la-modernisation-de-la-justice","status":"publish","type":"post","link":"https:\/\/linitiative.ca\/International\/zeghmati-nomme-un-dg-charge-de-la-modernisation-de-la-justice\/","title":{"rendered":"Zeghmati nomme un DG charg\u00e9 de la modernisation de la Justice"},"content":{"rendered":"<p><br id=\"sep_para_1\" class=\"sep_para access\"\/><\/p>\n<div id=\"para_1\" class=\"para_37464290 resize\">\n<div class=\"texte access firstletter\">Le ministre de la justice, Belkacem Zeghmati a proc\u00e9d\u00e9 ce mardi 16 juin,\u00a0 \u00e0 l\u2019installation du nouveau directeur g\u00e9n\u00e9ral charg\u00e9 de la modernisation au sein du minist\u00e8re de la Justice. En effet, Kamel Bernou a \u00e9t\u00e9 officiellement install\u00e9 dans ses nouvelles fonctions apr\u00e8s une c\u00e9r\u00e9monie protocolaire officielle pr\u00e9sid\u00e9e par Belkacem Zeghmati, Bernou succ\u00e8dera donc \u00e0 Abderrezak Henni. En outre Zeghmati a annonc\u00e9 l\u2019int\u00e9gration des technologies de l\u2019information et de la communication dans son secteur afin d\u2019am\u00e9liorer les services destin\u00e9s aux citoyens, ainsi la num\u00e9risation d\u00e9butera par les tribunaux puis sera g\u00e9n\u00e9ralis\u00e9e vers la cour supr\u00eame et le conseil d\u2019\u00c9tat.<\/div>\n<\/div>\n<p>Auteur: R\u00e9flexion<br \/>\n<a href=\"https:\/\/www.reflexiondz.net\/Zeghmati-nomme-un-DG-charge-de-la-modernisation-de-la-Justice_a63416.html\">Cliquez ici pour lire l&rsquo;article depuis sa source.<\/a><\/p>\n","protected":false},"excerpt":{"rendered":"<p>Le ministre de la justice, Belkacem Zeghmati a proc\u00e9d\u00e9 ce mardi 16 juin,\u00a0 \u00e0 l\u2019installation du nouveau directeur g\u00e9n\u00e9ral charg\u00e9 de la modernisation au sein du minist\u00e8re de la Justice. En effet, Kamel Bernou a \u00e9t\u00e9 officiellement install\u00e9 dans ses nouvelles fonctions apr\u00e8s une c\u00e9r\u00e9monie protocolaire officielle pr\u00e9sid\u00e9e par Belkacem Zeghmati, Bernou succ\u00e8dera donc \u00e0 [&hellip;]<\/p>\n","protected":false},"author":1740,"featured_media":0,"comment_status":"closed","ping_status":"closed","sticky":false,"template":"","format":"standard","meta":{"fifu_image_url":"","fifu_image_alt":"","footnotes":""},"categories":[53,76],"tags":[],"class_list":["post-89190","post","type-post","status-publish","format-standard","hentry","category-algerie","category-regions"],"_links":{"self":[{"href":"https:\/\/linitiative.ca\/International\/wp-json\/wp\/v2\/posts\/89190","targetHints":{"allow":["GET"]}}],"collection":[{"href":"https:\/\/linitiative.ca\/International\/wp-json\/wp\/v2\/posts"}],"about":[{"href":"https:\/\/linitiative.ca\/International\/wp-json\/wp\/v2\/types\/post"}],"author":[{"embeddable":true,"href":"https:\/\/linitiative.ca\/International\/wp-json\/wp\/v2\/users\/1740"}],"replies":[{"embeddable":true,"href":"https:\/\/linitiative.ca\/International\/wp-json\/wp\/v2\/comments?post=89190"}],"version-history":[{"count":0,"href":"https:\/\/linitiative.ca\/International\/wp-json\/wp\/v2\/posts\/89190\/revisions"}],"wp:attachment":[{"href":"https:\/\/linitiative.ca\/International\/wp-json\/wp\/v2\/media?parent=89190"}],"wp:term":[{"taxonomy":"category","embeddable":true,"href":"https:\/\/linitiative.ca\/International\/wp-json\/wp\/v2\/categories?post=89190"},{"taxonomy":"post_tag","embeddable":true,"href":"https:\/\/linitiative.ca\/International\/wp-json\/wp\/v2\/tags?post=89190"}],"curies":[{"name":"wp","href":"https:\/\/api.w.org\/{rel}","templated":true}]}}