{"id":89191,"date":"2020-06-16T12:58:00","date_gmt":"2020-06-16T16:58:00","guid":{"rendered":"https:\/\/linitiative.ca\/International\/lambassadeur-de-lalgerie-en-france-regagne-son-poste\/"},"modified":"2020-06-16T12:58:00","modified_gmt":"2020-06-16T16:58:00","slug":"lambassadeur-de-lalgerie-en-france-regagne-son-poste","status":"publish","type":"post","link":"https:\/\/linitiative.ca\/International\/lambassadeur-de-lalgerie-en-france-regagne-son-poste\/","title":{"rendered":"L\u2019ambassadeur de l\u2019Alg\u00e9rie en  France regagne son poste"},"content":{"rendered":"<p><br id=\"sep_para_1\" class=\"sep_para access\"\/><\/p>\n<div id=\"para_1\" class=\"para_37464286 resize\">\n<div class=\"texte access firstletter\">L\u2019ambassadeur de l\u2019Alg\u00e9rie en France, Salah Lebdioui, a regagn\u00e9 son poste \u00e0 Paris, a annonc\u00e9, le mardi 16 juin 2020, selon plusieurs m\u00e9dias. Le diplomate alg\u00e9rien a \u00e9t\u00e9 rappel\u00e9 pour consultation \u00e0 Alger le 27 mai dernier, apr\u00e8s la diffusion de deux documentaires sur des chaines de la t\u00e9l\u00e9vision publiques fran\u00e7aises sur le Hirak. Les documentaires n\u2019ont pas \u00e9t\u00e9 du go\u00fbt des autorit\u00e9s alg\u00e9riennes, qui ont d\u00e9nonc\u00e9 des \u00ab attaques contre le peuple Alg\u00e9rien et ses institutions, dont l\u2019Arm\u00e9e nationale populaire \u00bb. En effet, le minist\u00e8re alg\u00e9rien des Affaires \u00e9trang\u00e8res avait indiqu\u00e9 que \u00ab le caract\u00e8re r\u00e9current de programmes diffus\u00e9s par des cha\u00eenes de t\u00e9l\u00e9vision publiques fran\u00e7aises, dont les derniers en date sur France 5 et la Cha\u00eene Parlementaire, le 26 mai 2020, en apparence spontan\u00e9s et sous le pr\u00e9texte de la libert\u00e9 d\u2019expression, sont en fait des attaques contre le peuple alg\u00e9rien et ses institutions, dont l\u2019ANP et sa composante, la digne h\u00e9riti\u00e8re de l\u2019Arm\u00e9e de lib\u00e9ration nationale (ALN) \u00bb.<\/div>\n<\/div>\n<p>Auteur: R\u00e9flexion<br \/>\n<a href=\"https:\/\/www.reflexiondz.net\/L-ambassadeur-de-l-Algerie-en-France-regagne-son-poste_a63415.html\">Cliquez ici pour lire l&rsquo;article depuis sa source.<\/a><\/p>\n","protected":false},"excerpt":{"rendered":"<p>L\u2019ambassadeur de l\u2019Alg\u00e9rie en France, Salah Lebdioui, a regagn\u00e9 son poste \u00e0 Paris, a annonc\u00e9, le mardi 16 juin 2020, selon plusieurs m\u00e9dias. Le diplomate alg\u00e9rien a \u00e9t\u00e9 rappel\u00e9 pour consultation \u00e0 Alger le 27 mai dernier, apr\u00e8s la diffusion de deux documentaires sur des chaines de la t\u00e9l\u00e9vision publiques fran\u00e7aises sur le Hirak. Les [&hellip;]<\/p>\n","protected":false},"author":1740,"featured_media":0,"comment_status":"closed","ping_status":"closed","sticky":false,"template":"","format":"standard","meta":{"fifu_image_url":"","fifu_image_alt":"","footnotes":""},"categories":[53,76],"tags":[],"class_list":["post-89191","post","type-post","status-publish","format-standard","hentry","category-algerie","category-regions"],"_links":{"self":[{"href":"https:\/\/linitiative.ca\/International\/wp-json\/wp\/v2\/posts\/89191","targetHints":{"allow":["GET"]}}],"collection":[{"href":"https:\/\/linitiative.ca\/International\/wp-json\/wp\/v2\/posts"}],"about":[{"href":"https:\/\/linitiative.ca\/International\/wp-json\/wp\/v2\/types\/post"}],"author":[{"embeddable":true,"href":"https:\/\/linitiative.ca\/International\/wp-json\/wp\/v2\/users\/1740"}],"replies":[{"embeddable":true,"href":"https:\/\/linitiative.ca\/International\/wp-json\/wp\/v2\/comments?post=89191"}],"version-history":[{"count":0,"href":"https:\/\/linitiative.ca\/International\/wp-json\/wp\/v2\/posts\/89191\/revisions"}],"wp:attachment":[{"href":"https:\/\/linitiative.ca\/International\/wp-json\/wp\/v2\/media?parent=89191"}],"wp:term":[{"taxonomy":"category","embeddable":true,"href":"https:\/\/linitiative.ca\/International\/wp-json\/wp\/v2\/categories?post=89191"},{"taxonomy":"post_tag","embeddable":true,"href":"https:\/\/linitiative.ca\/International\/wp-json\/wp\/v2\/tags?post=89191"}],"curies":[{"name":"wp","href":"https:\/\/api.w.org\/{rel}","templated":true}]}}