{"id":89215,"date":"2020-06-16T16:33:38","date_gmt":"2020-06-16T20:33:38","guid":{"rendered":"https:\/\/linitiative.ca\/International\/insecurite-sur-fond-de-contestationibk-est-mal-barre-le-mali-aussi\/"},"modified":"2020-06-16T16:33:38","modified_gmt":"2020-06-16T20:33:38","slug":"insecurite-sur-fond-de-contestationibk-est-mal-barre-le-mali-aussi","status":"publish","type":"post","link":"https:\/\/linitiative.ca\/International\/insecurite-sur-fond-de-contestationibk-est-mal-barre-le-mali-aussi\/","title":{"rendered":"INSECURITE SUR FOND DE CONTESTATION:IBK est mal barr\u00e9, le Mali aussi"},"content":{"rendered":"<div class=\"stream-item stream-item-above-post-content\">\n<p><noscript><\/p>\n<p><a href=\"\/\/www3.smartadserver.com\/ac?jump=1&amp;nwid=2136&amp;siteid=240610&amp;pgname=rg&amp;fmtid=49046&amp;visit=m&amp;tmstp=[timestamp]&amp;out=nonrich\" target=\"_blank\" rel=\"noopener noreferrer\"><img decoding=\"async\" src=\"http:\/\/www3.smartadserver.com\/ac?out=nonrich&amp;nwid=2136&amp;siteid=240610&amp;pgname=rg&amp;fmtid=49046&amp;visit=m&amp;tmstp=[timestamp]\" border=\"0\" alt=\"\"\/><\/a><\/p>\n<p><\/noscript><\/div>\n<p class=\"c3\">Visiblement accul\u00e9, le pr\u00e9sident malien, Ibrahim Boubacar Ke\u00efta (IBK), est\u00a0 \u00e0 la recherche d\u2019une planche de salut. Tant est si bien qu\u2019il a appel\u00e9 l\u2019ancien pr\u00e9sident Moussa Traor\u00e9 \u00e0 la rescousse. C\u2019est ce dernier qui joue d\u00e9sormais les m\u00e9diateurs entre le Chef de l\u2019Etat et le fer de lance de la contestation qu\u2019est l\u2019Imam Mahamoud Dicko. Le g\u00e9n\u00e9ral Moussa Traor\u00e9 arrivera-t-il \u00e0 d\u00e9nouer la situation\u00a0? Rien n\u2019est moins s\u00fbr puisque m\u00eame apr\u00e8s son discours du 14\u00a0 juin dernier o\u00f9 il a tendu la main \u00e0 son adversaire, ce dernier continue de demander son d\u00e9part. C\u2019est la preuve, s\u2019il en est, que IBK n\u2019a pas convaincu ses compatriotes. Alors, pourquoi\u00a0?<\/p>\n<p class=\"c3\">La premi\u00e8re explication est que le discours du pr\u00e9sident n\u2019a pas r\u00e9pondu aux attentes des populations. En effet, alors que les manifestants du 5 juin, d\u00e9noncent la corruption end\u00e9mique dans le pays et les d\u00e9tournements de deniers publics et attendaient, par cons\u00e9quent, des actions fortes contre les d\u00e9linquants \u00e0 cols blancs tapis dans les arcanes du pouvoir, le chef de l\u2019Etat a ignor\u00e9 royalement cette pr\u00e9occupation qui constitue pourtant la toile de fond de la contestation.<\/p>\n<p class=\"c3\"><strong>Tout laisse croire que l\u2019on \u00e9volue vers la faillite totale de l\u2019Etat malien<\/strong><\/p>\n<p class=\"c3\">La seconde explication est que les conclusions du dialogue national inclusif que le pr\u00e9sident IBK pr\u00e9sente dans son discours comme la panac\u00e9e aux maux de l\u2019Etat malien, n\u2019engagent visiblement pas toutes les parties prenantes \u00e0 la crise qui secoue le pays. En effet, les groupes terroristes \u00e0 l\u2019origine de l\u2019h\u00e9catombe de Bouka Wer\u00e9, voudraient montrer qu\u2019ils ne sont pas concern\u00e9s par les conclusions de ce dialogue que IBK met en avant, qu\u2019ils n\u2019agiraient pas autrement. On peut donc dire qu\u2019autant IBK n\u2019a pas entendu la voix de son peuple, autant celui-ci se refuse aussi \u00e0 l\u2019\u00e9couter. C\u2019est donc \u00e0 une cristallisation des positions que l\u2019on assiste et l\u2019on peut l\u00e9gitimement se poser la question suivante\u00a0:\u00a0de quoi sera fait l\u2019avenir du Mali\u00a0<em>?\u00a0<\/em><\/p>\n<p class=\"c3\">Tout laisse croire que l\u2019on \u00e9volue vers la faillite totale de l\u2019Etat malien. Tous les indicateurs de fonctionnement de l\u2019appareil \u00e9tatique, ont vir\u00e9 au rouge. En effet, \u00e0 la perte de la souverainet\u00e9 de Bamako sur le Nord du pays et \u00e0 l\u2019ins\u00e9curit\u00e9 qui enlace de ses tentacules tout le territoire national, il faudra d\u00e9sormais joindre la fronde sociale et politique qui menace de provoquer une instabilit\u00e9 institutionnelle au Mali si IBK venait \u00e0 rendre sa d\u00e9mission sous la pression populaire. Si l\u2019on ajoute \u00e0 ce chaos qui se dessine, la situation du Chef de file de l\u2019opposition politique, Souma\u00efla Ciss\u00e9, aux mains des groupes arm\u00e9s depuis bient\u00f4t trois mois, on a l\u2019impression de filer tout droit vers un sc\u00e9nario inspir\u00e9 de l\u2019Apocalypse.<\/p>\n<p class=\"c3\">Cela dit, que peut-on faire pour freiner cette course folle vers l\u2019ab\u00eeme\u00a0? Les r\u00e9ponses que les Maliens ont tent\u00e9 d\u2019apporter \u00e0 cette interrogation, se sont r\u00e9v\u00e9l\u00e9es jusque-l\u00e0 inop\u00e9rantes et ont elles-m\u00eames contribu\u00e9 \u00e0 pourrir la situation. L\u2019une de ces solutions tent\u00e9es par IBK, est le changement d\u2019hommes. En effet, par au moins 5 fois, le Chef de l\u2019Etat a chang\u00e9 de chef du gouvernement. Mais il n\u2019est pas parvenu \u00e0 am\u00e9liorer la gouvernance au sein de l\u2019appareil d\u2019Etat. Il en a \u00e9t\u00e9 de m\u00eame pour la hi\u00e9rarchie militaire mais les r\u00e9sultats sur le front s\u00e9curitaire, n\u2019ont pas suivi.<\/p>\n<p class=\"c3\"><strong>IBK doit prendre des d\u00e9cisions fortes, suivies d\u2019effets imm\u00e9diats<\/strong><\/p>\n<p class=\"c3\">Ces changements op\u00e9r\u00e9s ont finalement introduit des discontinuit\u00e9s dans l\u2019action gouvernementale et entra\u00een\u00e9 l\u2019interruption de nombreux projets.\u00a0 L\u2019autre solution a \u00e9t\u00e9 de se tourner vers la communaut\u00e9 internationale pour solliciter de l\u2019aide. Avec cette option, le Mali n\u2019a abouti qu\u2019\u00e0 une occupation militaire de son territoire par des arm\u00e9es \u00e9trang\u00e8res et \u00e0 une mise sous tutelle financi\u00e8re qui a servi \u00e0 alimenter les fortunes de bonzes du r\u00e9gime. Pendant ce temps, l\u2019ins\u00e9curit\u00e9 s\u2019est m\u00e9tastas\u00e9e comme un cancer. IBK aura donc tout essay\u00e9 sauf les bonnes solutions.<\/p>\n<p class=\"c3\">\u00a0En r\u00e9alit\u00e9, l\u2019une des solutions au probl\u00e8me malien, est le changement des rapports entre Maliens eux-m\u00eames et l\u2019Etat. En effet, l\u2019Etat malien a toujours \u00e9t\u00e9 faible face \u00e0 des individus parfois plus fortun\u00e9s que lui. Cette attitude a couv\u00e9 longtemps l\u2019affairisme et la corruption qui ont \u00e9t\u00e9 \u00e9rig\u00e9s en mode de gouvernance. Et c\u2019est l\u00e0 que la responsabilit\u00e9 personnelle de IBK est engag\u00e9e, pour n\u2019avoir pas pris les bonnes d\u00e9cisions en vue de mettre fin \u00e0 cette d\u00e9rive et remettre le pays sur la bonne voie. Au contraire, il a voulu profiter et faire profiter au maximum son clan en oubliant qu\u2019il n\u2019y a pas d\u2019avenir pour un individu dans un pays qui n\u2019en est pas un. L\u2019autre solution au probl\u00e8me malien r\u00e9side dans l\u2019imp\u00e9rieuse n\u00e9cessit\u00e9 de mettre fin aux interf\u00e9rences \u00e9trang\u00e8res dans la crise qui secoue le pays. Car, ce n\u2019est secret pour personne que la crise au Mali est aliment\u00e9e par des int\u00e9r\u00eats \u00e9trangers qui impliquent tout autant des Etats voisins, notamment l\u2019Alg\u00e9rie et les puissances occidentales, en l\u2019occurrence la France. A ces Etats, il faut ajouter tous les lobbys d\u2019armes et les groupes de narcotrafiquants pour qui la guerre au Mali, constitue une v\u00e9ritable industrie. Il est \u00e9vident que sans l\u2019aide des institutions sous-r\u00e9gionales et africaines, le Mali,\u00a0 \u00e0 lui seul, ne peut parvenir \u00e0 desserrer cet \u00e9tau. Il y va d\u2019ailleurs des int\u00e9r\u00eats de la sous-r\u00e9gion car une \u00e9ventuelle crise des institutions maliennes, aura n\u00e9cessairement des r\u00e9percussions sur tous les pays limitrophes, en l\u2019occurrence le Burkina Faso et le Niger, d\u00e9j\u00e0 en proie \u00a0\u00e0 l\u2019ins\u00e9curit\u00e9.<\/p>\n<p class=\"c3\">Mais en attendant ces solutions structurelles, IBK doit d\u2019abord faire baisser le thermom\u00e8tre. Pour cela, il doit prendre des d\u00e9cisions fortes, suivies d\u2019effets imm\u00e9diats.<\/p>\n<p class=\"c3\"><strong>\u00a0<\/strong><\/p>\n<p class=\"c3\"><strong><em>\u00ab\u00a0Le Pays\u00a0\u00bb<\/em><\/strong><\/p>\n<p class=\"c3\"><strong>\u00a0<\/strong><\/p>\n<p>Auteur: Le Pays<br \/>\n<a href=\"http:\/\/lepays.bf\/insecurite-sur-fond-de-contestationibk-est-mal-barre-le-mali-aussi\/\">Cliquez ici pour lire l&rsquo;article depuis sa source.<\/a><\/p>\n","protected":false},"excerpt":{"rendered":"<p>Visiblement accul\u00e9, le pr\u00e9sident malien, Ibrahim Boubacar Ke\u00efta (IBK), est\u00a0 \u00e0 la recherche d\u2019une planche de salut. Tant est si bien qu\u2019il a appel\u00e9 l\u2019ancien pr\u00e9sident Moussa Traor\u00e9 \u00e0 la rescousse. C\u2019est ce dernier qui joue d\u00e9sormais les m\u00e9diateurs entre le Chef de l\u2019Etat et le fer de lance de la contestation qu\u2019est l\u2019Imam Mahamoud [&hellip;]<\/p>\n","protected":false},"author":1813,"featured_media":0,"comment_status":"closed","ping_status":"closed","sticky":false,"template":"","format":"standard","meta":{"fifu_image_url":"","fifu_image_alt":"","footnotes":""},"categories":[73,81],"tags":[],"class_list":["post-89215","post","type-post","status-publish","format-standard","hentry","category-actualite","category-burkina-faso"],"_links":{"self":[{"href":"https:\/\/linitiative.ca\/International\/wp-json\/wp\/v2\/posts\/89215","targetHints":{"allow":["GET"]}}],"collection":[{"href":"https:\/\/linitiative.ca\/International\/wp-json\/wp\/v2\/posts"}],"about":[{"href":"https:\/\/linitiative.ca\/International\/wp-json\/wp\/v2\/types\/post"}],"author":[{"embeddable":true,"href":"https:\/\/linitiative.ca\/International\/wp-json\/wp\/v2\/users\/1813"}],"replies":[{"embeddable":true,"href":"https:\/\/linitiative.ca\/International\/wp-json\/wp\/v2\/comments?post=89215"}],"version-history":[{"count":0,"href":"https:\/\/linitiative.ca\/International\/wp-json\/wp\/v2\/posts\/89215\/revisions"}],"wp:attachment":[{"href":"https:\/\/linitiative.ca\/International\/wp-json\/wp\/v2\/media?parent=89215"}],"wp:term":[{"taxonomy":"category","embeddable":true,"href":"https:\/\/linitiative.ca\/International\/wp-json\/wp\/v2\/categories?post=89215"},{"taxonomy":"post_tag","embeddable":true,"href":"https:\/\/linitiative.ca\/International\/wp-json\/wp\/v2\/tags?post=89215"}],"curies":[{"name":"wp","href":"https:\/\/api.w.org\/{rel}","templated":true}]}}