{"id":89218,"date":"2020-06-16T16:16:04","date_gmt":"2020-06-16T20:16:04","guid":{"rendered":"https:\/\/linitiative.ca\/International\/presumees-malversations-lopposition-demande-la-demission-du-maire-de-ouagadougou\/"},"modified":"2020-06-16T16:16:04","modified_gmt":"2020-06-16T20:16:04","slug":"presumees-malversations-lopposition-demande-la-demission-du-maire-de-ouagadougou","status":"publish","type":"post","link":"https:\/\/linitiative.ca\/International\/presumees-malversations-lopposition-demande-la-demission-du-maire-de-ouagadougou\/","title":{"rendered":"Pr\u00e9sum\u00e9es malversations : l\u2019opposition demande  la d\u00e9mission du maire  de Ouagadougou"},"content":{"rendered":"<div class=\"td-post-featured-image\"><a href=\"https:\/\/www.sidwaya.info\/wp-content\/uploads\/2020\/06\/1-33.jpg\" data-caption=\"\"><img loading=\"lazy\" decoding=\"async\" width=\"595\" height=\"395\" class=\"entry-thumb td-modal-image\" src=\"https:\/\/www.sidwaya.info\/wp-content\/uploads\/2020\/06\/1-33.jpg\" srcset=\"https:\/\/www.sidwaya.info\/wp-content\/uploads\/2020\/06\/1-33.jpg 595w, https:\/\/www.sidwaya.info\/wp-content\/uploads\/2020\/06\/1-33-300x199.jpg 300w\" sizes=\"auto, (max-width: 595px) 100vw, 595px\" alt=\"\" title=\"1\"\/><\/a><\/div>\n<p><strong>Le Chef de file de l\u2019opposition politique (CFOP) au Burkina Faso, a anim\u00e9 son hebdomadaire point de presse, le mardi 16 juin 2020 \u00e0 Ouagadougou, sur plusieurs sujets d\u2019int\u00e9r\u00eat national.<\/strong><\/p>\n<p>L\u2019opposition politique burkinab\u00e8 s\u2019indigne face aux \u00ab\u00a0tentatives de fraude\u00a0\u00bb dans la r\u00e9gion du Plateau central lors de l\u2019enr\u00f4lement des \u00e9lecteurs. Cette information a \u00e9t\u00e9 l\u2019un des points sur lequel le Chef de file de l\u2019opposition politique (CFOP) burkinab\u00e8 s\u2019est pench\u00e9, au cours de son traditionnel point de presse, le mardi 16 juin 2020 \u00e0 Ouagadougou. Pour le pr\u00e9sident du Rassemblement des \u00e9cologistes du Burkina Faso, Adama S\u00e9r\u00e9 et le 4e vice-pr\u00e9sident de l\u2019UPC, Amadou Diemdioda Dicko, qui ont coanim\u00e9 la conf\u00e9rence, ces suspicions de fraude sont \u00ab\u00a0extr\u00eamement graves\u00a0\u00bb, car, elles sont de nature \u00e0 entamer la cr\u00e9dibilit\u00e9 du processus \u00e9lectoral. C\u2019est pourquoi, de l\u2019avis de M. Dicko, l\u2019opposition politique a invit\u00e9 la justice \u00e0 faire toute la lumi\u00e8re sur le dossier et \u00e0 condamner les coupables conform\u00e9ment aux textes en vigueur.<\/p>\n<p>\u00ab\u00a0Des faits similaires se sont \u00e9galement d\u00e9roul\u00e9s \u00e0 Bouss\u00e9\u00a0\u00bb, a-t-il r\u00e9v\u00e9l\u00e9. R\u00e9agissant aux r\u00e9sultats du \u00ab\u00a0Pr\u00e9sim\u00e8tre\u00a0\u00bb rendus public par le Centre pour la gouvernance d\u00e9mocratique (CGD) le 11 juin 2020, les conf\u00e9renciers ont estim\u00e9 que la note de 4,53\/10 attribu\u00e9e au pr\u00e9sident Roch Marc Christian Kabor\u00e9 ne refl\u00e8te pas la r\u00e9alit\u00e9 de sa gouvernance. \u00ab\u00a0Roch Kabor\u00e9 m\u00e9rite la note de 2\/10\u00a0\u00bb, a tranch\u00e9 Adama S\u00e9r\u00e9. En ce qui concerne \u00ab\u00a0les s\u00e9rieux soup\u00e7ons de corruption\u00a0\u00bb qui p\u00e8sent sur le maire de Ouagadougou, Arman Pierre B\u00e9ouind\u00e9, l\u2019opposition politique a dit suivre de pr\u00e8s le dossier. Encourageant les juges commis \u00e0 cette affaire, les animateurs du point de presse ont souhait\u00e9 que cette \u00ab\u00a0op\u00e9ration mains propres\u00a0\u00bb se poursuive afin que toute la v\u00e9rit\u00e9 soit dite pour une gestion vertueuse des affaires de l\u2019Etat.\u00a0\u00ab\u00a0L\u2019opposition a demand\u00e9 \u00e0 M. Beouind\u00e9 de rendre imm\u00e9diatement sa d\u00e9mission et de se mettre \u00e0 la disposition de la justice\u00a0\u00bb, a l\u00e2ch\u00e9 Amadou Diemdioda Dicko.<\/p>\n<div class=\"td-a-rec td-a-rec-id-content_inline tdi_30_92c td_block_template_1\"><img loading=\"lazy\" decoding=\"async\" class=\"aligncenter size-full wp-image-21314\" src=\"https:\/\/www.sidwaya.info\/wp-content\/uploads\/2020\/04\/Bandeau-Covid-19-Sidwaya-1.jpg\" alt=\"\" width=\"790\" height=\"98\"\/><\/div>\n<p class=\"c1\"><strong>Souma\u00efla BONKOUNGOU<\/strong><\/p>\n<div class=\"td-a-rec td-a-rec-id-content_bottom tdi_31_e3c td_block_template_1\"><img loading=\"lazy\" decoding=\"async\" class=\"aligncenter size-full wp-image-22415\" src=\"https:\/\/www.sidwaya.info\/wp-content\/uploads\/2020\/05\/Bandeau-paiement-mobile-site.png\" alt=\"\" width=\"728\" height=\"90\"\/><\/div>\n<p>Auteur: DD. Sidwaya<br \/>\n<a href=\"https:\/\/www.sidwaya.info\/blog\/2020\/06\/16\/presumees-malversations-lopposition-demande-la-demission-du-maire-de-ouagadougou\/\">Cliquez ici pour lire l&rsquo;article depuis sa source.<\/a><\/p>\n","protected":false},"excerpt":{"rendered":"<p>Le Chef de file de l\u2019opposition politique (CFOP) au Burkina Faso, a anim\u00e9 son hebdomadaire point de presse, le mardi 16 juin 2020 \u00e0 Ouagadougou, sur plusieurs sujets d\u2019int\u00e9r\u00eat national. L\u2019opposition politique burkinab\u00e8 s\u2019indigne face aux \u00ab\u00a0tentatives de fraude\u00a0\u00bb dans la r\u00e9gion du Plateau central lors de l\u2019enr\u00f4lement des \u00e9lecteurs. Cette information a \u00e9t\u00e9 l\u2019un [&hellip;]<\/p>\n","protected":false},"author":1816,"featured_media":89219,"comment_status":"closed","ping_status":"closed","sticky":false,"template":"","format":"standard","meta":{"fifu_image_url":"","fifu_image_alt":"","footnotes":""},"categories":[73,81],"tags":[],"class_list":["post-89218","post","type-post","status-publish","format-standard","has-post-thumbnail","hentry","category-actualite","category-burkina-faso"],"_links":{"self":[{"href":"https:\/\/linitiative.ca\/International\/wp-json\/wp\/v2\/posts\/89218","targetHints":{"allow":["GET"]}}],"collection":[{"href":"https:\/\/linitiative.ca\/International\/wp-json\/wp\/v2\/posts"}],"about":[{"href":"https:\/\/linitiative.ca\/International\/wp-json\/wp\/v2\/types\/post"}],"author":[{"embeddable":true,"href":"https:\/\/linitiative.ca\/International\/wp-json\/wp\/v2\/users\/1816"}],"replies":[{"embeddable":true,"href":"https:\/\/linitiative.ca\/International\/wp-json\/wp\/v2\/comments?post=89218"}],"version-history":[{"count":0,"href":"https:\/\/linitiative.ca\/International\/wp-json\/wp\/v2\/posts\/89218\/revisions"}],"wp:featuredmedia":[{"embeddable":true,"href":"https:\/\/linitiative.ca\/International\/wp-json\/"}],"wp:attachment":[{"href":"https:\/\/linitiative.ca\/International\/wp-json\/wp\/v2\/media?parent=89218"}],"wp:term":[{"taxonomy":"category","embeddable":true,"href":"https:\/\/linitiative.ca\/International\/wp-json\/wp\/v2\/categories?post=89218"},{"taxonomy":"post_tag","embeddable":true,"href":"https:\/\/linitiative.ca\/International\/wp-json\/wp\/v2\/tags?post=89218"}],"curies":[{"name":"wp","href":"https:\/\/api.w.org\/{rel}","templated":true}]}}