{"id":89220,"date":"2020-06-16T16:23:07","date_gmt":"2020-06-16T20:23:07","guid":{"rendered":"https:\/\/linitiative.ca\/International\/le-cdp-demande-la-suspension-de-peine-pour-damiss\/"},"modified":"2020-06-16T16:23:07","modified_gmt":"2020-06-16T20:23:07","slug":"le-cdp-demande-la-suspension-de-peine-pour-damiss","status":"publish","type":"post","link":"https:\/\/linitiative.ca\/International\/le-cdp-demande-la-suspension-de-peine-pour-damiss\/","title":{"rendered":"Le CDP demande la suspension de peine pour Damiss"},"content":{"rendered":"<div class=\"td-post-featured-image\"><a href=\"https:\/\/www.sidwaya.info\/wp-content\/uploads\/2020\/06\/on-m.jpg\" data-caption=\"\"><img loading=\"lazy\" decoding=\"async\" width=\"696\" height=\"464\" class=\"entry-thumb td-modal-image\" src=\"https:\/\/www.sidwaya.info\/wp-content\/uploads\/2020\/06\/on-m-696x464.jpg\" srcset=\"https:\/\/www.sidwaya.info\/wp-content\/uploads\/2020\/06\/on-m-696x464.jpg 696w, https:\/\/www.sidwaya.info\/wp-content\/uploads\/2020\/06\/on-m-300x200.jpg 300w, https:\/\/www.sidwaya.info\/wp-content\/uploads\/2020\/06\/on-m-768x512.jpg 768w, https:\/\/www.sidwaya.info\/wp-content\/uploads\/2020\/06\/on-m-630x420.jpg 630w, https:\/\/www.sidwaya.info\/wp-content\/uploads\/2020\/06\/on-m.jpg 787w\" sizes=\"auto, (max-width: 696px) 100vw, 696px\" alt=\"\" title=\"on m\"\/><\/a><\/div>\n<p><strong>Le CSPS de Ti\u00e9fora, toujours ferm\u00e9<\/strong><br \/>Il est revenu \u00e0 Kantigui que le Centre de sant\u00e9 et de promotion sociale (CSPS) de la commune rurale de Ti\u00e9fora (r\u00e9gion des Cascades), ferm\u00e9 \u00e0 la suite des menaces d\u2019hommes arm\u00e9s, n\u2019a pas encore rouvert ses portes, malgr\u00e9 l\u2019impatience des populations. De ce que Kantigui a appris, les autorit\u00e9s locales estiment que les conditions ne sont pas encore r\u00e9unies pour la r\u00e9ouverture du CSPS. Kantigui souhaite que ce centre de sant\u00e9 vital pour les habitants puisse fonctionner \u00e0 nouveau.<\/p>\n<p><strong>Un r\u00e9seau de faussaires d\u00e9mantel\u00e9<\/strong><br \/>Kantigui a eu vent qu\u2019un r\u00e9seau de faussaires aurait \u00e9t\u00e9 d\u00e9mantel\u00e9 au sein des transitaires intervenant au bureau des douanes de Ouaga-gare international, commun\u00e9ment appel\u00e9 Ouagarinter. La source de Kantigui a affirm\u00e9 que les int\u00e9ress\u00e9s qui auraient reconnu les faits se seraient d\u00e9j\u00e0 acquitt\u00e9s des droits et taxes y relatifs, avec de fortes p\u00e9nalit\u00e9s. Un acte que Kantigui loue, surtout dans ce contexte difficile de mobilisation des ressources publiques. Kantigui salue cette vigilance des services des Douanes, tax\u00e9s \u00e0 tort ou \u00e0 raison de corrompus.<\/p>\n<p><strong>Des hangars transform\u00e9s en d\u00e9potoirs<\/strong><br \/>A l\u2019occasion d\u2019un voyage dans le Passor\u00e9, Kantigui a profit\u00e9 visiter le grand march\u00e9 de Yako. Il a \u00e9t\u00e9 d\u00e9sagr\u00e9ablement surpris de constater que des immondices de toutes natures occupent les all\u00e9es et les halls des hangars aux allures modernes. Tr\u00e8s choqu\u00e9 par la sc\u00e8ne, Kantigui a cherch\u00e9 \u00e0 comprendre pourquoi le march\u00e9 est dans un tel \u00e9tat. Apr\u00e8s renseignements, il a compris que cette insalubrit\u00e9 serait due au fait que les hangars concern\u00e9s n\u2019ont jamais \u00e9t\u00e9 exploit\u00e9s, quand bien m\u00eame ils ont \u00e9t\u00e9 attribu\u00e9s par le conseil municipal. Selon une autre source, la situation aurait \u00e9t\u00e9 cr\u00e9\u00e9e \u00e0 dessein par certains commer\u00e7ants pour inciter le maire \u00e0 r\u00e9attribuer lesdits hangars \u00e0 ceux qui en auraient besoin. Quoiqu\u2019il en soit, Kantigui invite les usagers du march\u00e9 \u00e0 d\u00e9velopper des initiatives citoyennes pour assainir leur lieu de commerce.<\/p>\n<div class=\"td-a-rec td-a-rec-id-content_inline tdi_30_ee0 td_block_template_1\"><img loading=\"lazy\" decoding=\"async\" class=\"aligncenter size-full wp-image-21314\" src=\"https:\/\/www.sidwaya.info\/wp-content\/uploads\/2020\/04\/Bandeau-Covid-19-Sidwaya-1.jpg\" alt=\"\" width=\"790\" height=\"98\"\/><\/div>\n<p><strong>Pr\u00e9sum\u00e9 enr\u00f4lement frauduleux \u00e0 Ziniar\u00e9\u00a0: les cinq femmes toujours d\u00e9tenues<\/strong><br \/>Kantigui de passage \u00e0 Ziniar\u00e9, a voulu mieux comprendre ce qui s\u2019est pass\u00e9 le jeudi 11 juin dernier, dans la suppos\u00e9e affaire d\u2019enr\u00f4lement frauduleux d\u2019\u00e9lecteurs. Selon une source, une ressortissante de Ziniar\u00e9 r\u00e9sidant \u00e0 Ouagadougou et militante du NTD, d\u00e9sirant \u00eatre candidate aux \u00e9lections l\u00e9gislatives du 22 novembre 2020, serait au c\u0153ur de la man\u0153uvre. \u00ab\u00a0Pour ce faire, elle a d\u00e9cid\u00e9 de mobiliser ses amies et camarades \u00e0 venir s\u2019enr\u00f4ler \u00e0 Ziniar\u00e9 \u00bb, a expliqu\u00e9 l\u2019informateur de Kantigui. A en croire celui-ci, malgr\u00e9 l\u2019intervention du parti, les cinq femmes \u00ab\u00a0abandonn\u00e9es\u00a0\u00bb par les cars dans leur fuite, sont toujours aux mains de la gendarmerie, dans le cadre d\u2019une enqu\u00eate.<\/p>\n<p><strong>Des d\u00e9plac\u00e9s internes cherchent refuge<\/strong><br \/>C\u2019est avec stup\u00e9faction que Kantigui a appris que la commune de Bittou accueille plusieurs centaines de d\u00e9plac\u00e9s internes du fait de la crise s\u00e9curitaire. Dissimul\u00e9s dans les diff\u00e9rents villages de la commune, ils seraient aujourd\u2019hui estim\u00e9s \u00e0 2 148 personnes. \u00ab\u00a0Certains sont log\u00e9s dans les zones pastorales class\u00e9es\u00a0\u00bb, a regrett\u00e9 une source introduite, qui a exprim\u00e9 la n\u00e9cessit\u00e9 de leur trouver au plus vite, un site d\u2019accueil. \u00ab M\u00eame si pour l\u2019instant ils sont bien accueillis par la population, ils vont bient\u00f4t rencontrer des probl\u00e8mes de logement, de restauration, d\u2019espace pour cultiver o\u00f9 faire pa\u00eetre leurs troupeaux \u00bb, a-t-elle rench\u00e9ri. Le m\u00eame interlocuteur a pr\u00e9cis\u00e9 \u00e0 Kantigui que des bonnes volont\u00e9s sont d\u00e9j\u00e0 venues en aide aux d\u00e9plac\u00e9s avec des vivres, des v\u00eatements, etc.<\/p>\n<p><strong>Paiement des primes COVID-19 : le principe de pr\u00e9caution appliqu\u00e9<\/strong><br \/>Kantigui a \u00e9t\u00e9 t\u00e9moin, le 5 juin dernier, du m\u00e9contentement des travailleurs du Centre hospitalier universitaire de Tengandogo, r\u00e9quisitionn\u00e9s pour la prise en charge des malades de la COVID-19, \u00e0 la suite d\u2019un retard de paiement de leurs primes. Une source a confi\u00e9 \u00e0 Kantigui que cette situation serait due au fait que le minist\u00e8re en charge des finances voulait appliquer le principe de pr\u00e9caution et de v\u00e9rification. Sur les premi\u00e8res listes du personnel r\u00e9quisitionn\u00e9 transmises \u00e0 ce d\u00e9partement, certaines avaient \u00e9t\u00e9 mises de c\u00f4t\u00e9 pour compl\u00e9ment d\u2019informations. Seuls les agents concern\u00e9s par la th\u00e9matique \u00ab prise en charge \u00bb ont pu passer \u00e0 la caisse pour le paiement des mois de mars, avril et mai. Kantigui se souvient que le comit\u00e9 national de gestion de l\u2019\u00e9pid\u00e9mie de la COVID-19 avait mis en place dix commissions th\u00e9matiques qui se pr\u00e9sentent ainsi\u00a0: prise en charge, laboratoire, finances, communication, logistique, recherche et analyse, s\u00e9curit\u00e9, planning et information, PCI, surveillance. Aux derni\u00e8res nouvelles, tout serait rentr\u00e9 dans l\u2019ordre.<\/p>\n<p><strong>Dites d\u00e9sormais \u00ab\u00a0Universit\u00e9 Joseph- Ki-Zerbo\u00a0\u00bb\u00a0!\u00a0<\/strong><br \/>Kantigui a constat\u00e9 avec regret que plusieurs personnes et m\u00eame des m\u00e9dias continuent de dire \u00ab\u00a0Universit\u00e9 Ouaga I Professeur Joseph-Ki-Zerbo\u00a0\u00bb, alors que sa d\u00e9nomination a chang\u00e9. En effet, en Conseil des ministres du 12 avril 2019, le gouvernement a proc\u00e9d\u00e9 au changement officiel du nom de l\u2019universit\u00e9 devenu d\u00e8s lors, \u00ab\u00a0Universit\u00e9 Joseph-Ki-Zerbo\u00a0\u00bb. Kantigui appelle donc les uns et les autres \u00e0 en tenir compte d\u00e9sormais.<\/p>\n<p><strong>Le CDP demande la suspension de peine pour Damiss<\/strong><br \/>Dans un communiqu\u00e9 dont Kantigui a obtenu copie, le Congr\u00e8s pour la d\u00e9mocratie et le progr\u00e8s (CDP) demande la suspension de peine du journaliste Adama Ou\u00e9draogo dit Damiss, incarc\u00e9r\u00e9 \u00e0 la Maison d\u2019arr\u00eat et de correction des arm\u00e9es (MACA). Kantigui vous propose l\u2019int\u00e9gralit\u00e9 dudit communiqu\u00e9.<br \/>\u00ab\u00a0La justice doit rester le ciment de notre soci\u00e9t\u00e9 burkinab\u00e8. Le Congr\u00e8s pour la d\u00e9mocratie et le Progr\u00e8s (CDP) interpelle le gouvernement sur la situation de la sant\u00e9 tr\u00e8s d\u00e9grad\u00e9e de Adama Ou\u00e9draogo dit Damiss. La vie de ce journaliste, directeur de publication du bimensuel \u00ab\u00a0le Dossier\u00a0\u00bb est menac\u00e9e. Incarc\u00e9r\u00e9 \u00e0 la Maison d\u2019arr\u00eat et de correction des arm\u00e9es (MACA) \u00e0 Ouagadougou pour une pr\u00e9somption de complicit\u00e9 d\u2019attentat \u00e0 la s\u00fbret\u00e9 de l\u2019\u00c9tat dans le cadre du proc\u00e8s du putsch de septembre 2015, il a \u00e9cop\u00e9 de 5 ans de prison ferme. Depuis, l\u2019\u00e9tat de sant\u00e9 de Damiss ne cesse de se d\u00e9grader. Le journaliste est s\u00e9rieusement malade et souffre d\u2019une d\u00e9tresse respiratoire qui menace sa vie. Au regard de la loi n\u00b0010-2017\/AN, Damiss doit pouvoir b\u00e9n\u00e9ficier de la suspension de peine en raison de sa sant\u00e9 tr\u00e8s d\u00e9grad\u00e9e. Le CDP dit qu\u2019il est temps d\u2019agir et vite pour sauver le journaliste Adama Ou\u00e9draogo dit Damiss. Le CDP joint sa voix \u00e0 celles de nombreux citoyens, des personnalit\u00e9s politiques et de la soci\u00e9t\u00e9 civile, son avocat, sa famille, ses amis et confr\u00e8res qui ne cessent d\u2019alerter sur l\u2019\u00e9tat de sant\u00e9 d\u2019Adama Ou\u00e9draogo Damiss, pour demander la cl\u00e9mence de la justice. Car la justice n\u2019exclut pas l\u2019humanisme. Dans un Burkina Faso durement touch\u00e9 par l\u2019injustice au regard de nombreuses affaires qui d\u00e9frayent les chroniques, le cas de Damiss appara\u00eet comme une p\u00e9ccadille. Il est encore tant que notre justice montre son c\u00f4t\u00e9 humain et ind\u00e9pendant par rapport \u00e0 la ranc\u0153ur cristallis\u00e9e en gouvernance du pouvoir actuel.<\/p>\n<p class=\"c1\"><strong>Ensemble et solidaire, notre justice vaincra.<\/strong><br \/><strong>D\u00e9mocratie-Progr\u00e8s-Justice<\/strong><br \/><strong>Ouagadougou, le 15 juin 2020<\/strong><br \/><strong>Le Secr\u00e9tariat \u00e0 la communication et \u00e0 l\u2019information\u00a0<\/strong><\/p>\n<p><strong>\u00ab Possibo, la Diabolaise \u00bb, l\u2019ouvrage contre le mariage forc\u00e9<\/strong><br \/>A la recherche d\u2019un livre pour utilement occuper son weekend, Kantigui est tomb\u00e9 sur une \u0153uvre de belle facture, \u00e9crite par Adama Kabor\u00e9, intitul\u00e9e \u00ab\u00a0Possibo, la Diabolaise\u00a0\u00bb. En le parcourant, Kantigui a vite compris qu\u2019il traite du mariage forc\u00e9. Kantigui a appris que l\u2019ouvrage sera d\u00e9dicac\u00e9 ce weekend \u00e0 Ouagadougou. L\u2019auteur est charg\u00e9 de missions au minist\u00e8re des Infrastructures, enseignant de fran\u00e7ais dans un lyc\u00e9e de la place et consultant pour le compte d\u2019un cabinet international. Auteur de \u00ab\u00a0Faste d\u00e9sastre\u00a0\u00bb, il fut notamment animateur de l\u2019\u00e9mission \u00ab\u00a0Culture rasta\u00a0\u00bb \u00e0 Radio Gambidi sous le pseudo CBS, l\u2019iconoclaste, chroniqueur et correcteur aux Editions \u00ab\u00a0Le Pays\u00a0\u00bb et \u00e0 l\u2019hebdomadaire \u00ab\u00a0Bendr\u00e9\u00a0\u00bb.<\/p>\n<p class=\"c1\"><strong>Kantigui<\/strong><br \/><strong>kantigui2000@gmail.com<\/strong><br \/><strong>(00226) 25 31 22 89<\/strong><\/p>\n<div class=\"td-a-rec td-a-rec-id-content_bottom tdi_31_f4e td_block_template_1\"><img loading=\"lazy\" decoding=\"async\" class=\"aligncenter size-full wp-image-22415\" src=\"https:\/\/www.sidwaya.info\/wp-content\/uploads\/2020\/05\/Bandeau-paiement-mobile-site.png\" alt=\"\" width=\"728\" height=\"90\"\/><\/div>\n<p>Auteur: DD. Sidwaya<br \/>\n<a href=\"https:\/\/www.sidwaya.info\/blog\/2020\/06\/16\/le-cdp-demande-la-suspension-de-peine-pour-damiss\/\">Cliquez ici pour lire l&rsquo;article depuis sa source.<\/a><\/p>\n","protected":false},"excerpt":{"rendered":"<p>Le CSPS de Ti\u00e9fora, toujours ferm\u00e9Il est revenu \u00e0 Kantigui que le Centre de sant\u00e9 et de promotion sociale (CSPS) de la commune rurale de Ti\u00e9fora (r\u00e9gion des Cascades), ferm\u00e9 \u00e0 la suite des menaces d\u2019hommes arm\u00e9s, n\u2019a pas encore rouvert ses portes, malgr\u00e9 l\u2019impatience des populations. De ce que Kantigui a appris, les autorit\u00e9s [&hellip;]<\/p>\n","protected":false},"author":1816,"featured_media":89221,"comment_status":"closed","ping_status":"closed","sticky":false,"template":"","format":"standard","meta":{"fifu_image_url":"","fifu_image_alt":"","footnotes":""},"categories":[73,81],"tags":[],"class_list":["post-89220","post","type-post","status-publish","format-standard","has-post-thumbnail","hentry","category-actualite","category-burkina-faso"],"_links":{"self":[{"href":"https:\/\/linitiative.ca\/International\/wp-json\/wp\/v2\/posts\/89220","targetHints":{"allow":["GET"]}}],"collection":[{"href":"https:\/\/linitiative.ca\/International\/wp-json\/wp\/v2\/posts"}],"about":[{"href":"https:\/\/linitiative.ca\/International\/wp-json\/wp\/v2\/types\/post"}],"author":[{"embeddable":true,"href":"https:\/\/linitiative.ca\/International\/wp-json\/wp\/v2\/users\/1816"}],"replies":[{"embeddable":true,"href":"https:\/\/linitiative.ca\/International\/wp-json\/wp\/v2\/comments?post=89220"}],"version-history":[{"count":0,"href":"https:\/\/linitiative.ca\/International\/wp-json\/wp\/v2\/posts\/89220\/revisions"}],"wp:featuredmedia":[{"embeddable":true,"href":"https:\/\/linitiative.ca\/International\/wp-json\/"}],"wp:attachment":[{"href":"https:\/\/linitiative.ca\/International\/wp-json\/wp\/v2\/media?parent=89220"}],"wp:term":[{"taxonomy":"category","embeddable":true,"href":"https:\/\/linitiative.ca\/International\/wp-json\/wp\/v2\/categories?post=89220"},{"taxonomy":"post_tag","embeddable":true,"href":"https:\/\/linitiative.ca\/International\/wp-json\/wp\/v2\/tags?post=89220"}],"curies":[{"name":"wp","href":"https:\/\/api.w.org\/{rel}","templated":true}]}}