{"id":89225,"date":"2020-06-16T14:18:04","date_gmt":"2020-06-16T18:18:04","guid":{"rendered":"https:\/\/linitiative.ca\/International\/le-soudan-soppose-a-lextradition-domar-el-bechir-a-la-cpi\/"},"modified":"2020-06-16T14:18:04","modified_gmt":"2020-06-16T18:18:04","slug":"le-soudan-soppose-a-lextradition-domar-el-bechir-a-la-cpi","status":"publish","type":"post","link":"https:\/\/linitiative.ca\/International\/le-soudan-soppose-a-lextradition-domar-el-bechir-a-la-cpi\/","title":{"rendered":"Le Soudan s\u2019oppose \u00e0 l\u2019extradition d\u2019Omar el-B\u00e9chir \u00e0 la CPI"},"content":{"rendered":"<div readability=\"32\">\n<p>Publi\u00e9 le 16.06.2020 \u00e0 19h18 par APA News<\/p>\n<\/div>\n<div readability=\"80\">\n<p>Le procureur g\u00e9n\u00e9ral de Khartoum a d\u00e9clar\u00e9 que l\u2019ancien pr\u00e9sident Omar el-B\u00e9chir et d\u2019autres Soudanais recherch\u00e9s par la Cour p\u00e9nale internationale, pour crimes de guerre ne seront pas extrad\u00e9s, a appris APA mardi.S\u2019exprimant lundi, Tagelsir al-Hebir a d\u00e9clar\u00e9 qu\u2019il n\u2019y aura peut-\u00eatre pas d\u2019extradition de citoyens de soudanais vers la CPI puisqu\u2019ils ne se pr\u00e9senteront pas n\u00e9cessairement en personne \u00e0 La Haye pour leur proc\u00e8s.<\/p>\n<p>\u00a0Sans parler d\u2019el-B\u00e9chir personnellement, le procureur g\u00e9n\u00e9ral a affirm\u00e9 qu\u2019il pourrait y avoir des obstacles de nature juridique \u00e0 l\u2019extradition des personnes recherch\u00e9es par la CPI.<\/p>\n<p>\u00a0Toutefois, le dirigeant n\u2019a pas exclu de coop\u00e9rer avec la CPI sur d\u2019autres sujets.<\/p>\n<p>\u00a0Deux mandats d\u2019arr\u00eat de la CPI ont \u00e9t\u00e9 \u00e9mis contre el-B\u00e9chir pour son r\u00f4le pr\u00e9sum\u00e9 dans le meurtre de civils pendant le conflit dans la r\u00e9gion soudanaise du Darfour au d\u00e9but des ann\u00e9es 2000.<\/p>\n<p>\u00a0Il est accus\u00e9 de g\u00e9nocide, de crimes de guerre et de crimes contre l\u2019humanit\u00e9 depuis 2009.<\/p>\n<p>\u00a0L\u2019ancien dirigeant Soudanais, \u00e9vinc\u00e9 \u00e0 la suite de violentes protestations l\u2019ann\u00e9e derni\u00e8re, avait rejet\u00e9 les accusations contre lui, les qualifiant \u00ab\u00a0d\u2019absurdes\u00a0\u00bb.<\/p>\n<p>\u00a0Les d\u00e9clarations de Tagelsir al-Hebir interviennent alors qu\u2019Ali Kushayb, l\u2019homme accus\u00e9 d\u2019avoir jou\u00e9 un r\u00f4le majeur dans les crimes de guerre et les crimes contre l\u2019humanit\u00e9 au Darfour occidental, a plaid\u00e9 lundi non coupable des accusations port\u00e9es devant la CPI.<\/p>\n<p>Ali Kushayb, qui est accus\u00e9 de crimes de guerre et de crimes contre l\u2019humanit\u00e9 au Darfour, est apparu en R\u00e9publique centrafricaine la semaine derni\u00e8re o\u00f9 il s\u2019est rendu \u00e0 la CPI.<\/p>\n<p>\u00a0Apparaissant devant la CPI une semaine apr\u00e8s s\u2019\u00eatre rendu en R\u00e9publique centrafricaine, Kushayb a soutenu avoir commis aucun crime au Darfour.<\/p>\n<p>\u00a0 Il est accus\u00e9 d\u2019avoir jou\u00e9 un r\u00f4le actif dans le conflit au Darfour entre 2000 et 2004, ce qui a donn\u00e9 lieu \u00e0 un mandat d\u2019arr\u00eat contre lui en 2007.<\/p>\n<p>\u00a0Le conflit au Darfour a entra\u00een\u00e9 la mort d\u2019environ 300.000 personnes et le d\u00e9placement de millions d\u2019autres.<\/p>\n<\/div>\n<p>Auteur: APA News<br \/>\n<a href=\"https:\/\/www.journalducameroun.com\/le-soudan-soppose-a-lextradition-domar-el-bechir-a-la-cpi\/\">Cliquez ici pour lire l&rsquo;article depuis sa source.<\/a><\/p>\n","protected":false},"excerpt":{"rendered":"<p>Publi\u00e9 le 16.06.2020 \u00e0 19h18 par APA News Le procureur g\u00e9n\u00e9ral de Khartoum a d\u00e9clar\u00e9 que l\u2019ancien pr\u00e9sident Omar el-B\u00e9chir et d\u2019autres Soudanais recherch\u00e9s par la Cour p\u00e9nale internationale, pour crimes de guerre ne seront pas extrad\u00e9s, a appris APA mardi.S\u2019exprimant lundi, Tagelsir al-Hebir a d\u00e9clar\u00e9 qu\u2019il n\u2019y aura peut-\u00eatre pas d\u2019extradition de citoyens de [&hellip;]<\/p>\n","protected":false},"author":1965,"featured_media":0,"comment_status":"closed","ping_status":"closed","sticky":false,"template":"","format":"standard","meta":{"fifu_image_url":"","fifu_image_alt":"","footnotes":""},"categories":[73,82],"tags":[],"class_list":["post-89225","post","type-post","status-publish","format-standard","hentry","category-actualite","category-cameroun"],"_links":{"self":[{"href":"https:\/\/linitiative.ca\/International\/wp-json\/wp\/v2\/posts\/89225","targetHints":{"allow":["GET"]}}],"collection":[{"href":"https:\/\/linitiative.ca\/International\/wp-json\/wp\/v2\/posts"}],"about":[{"href":"https:\/\/linitiative.ca\/International\/wp-json\/wp\/v2\/types\/post"}],"author":[{"embeddable":true,"href":"https:\/\/linitiative.ca\/International\/wp-json\/wp\/v2\/users\/1965"}],"replies":[{"embeddable":true,"href":"https:\/\/linitiative.ca\/International\/wp-json\/wp\/v2\/comments?post=89225"}],"version-history":[{"count":0,"href":"https:\/\/linitiative.ca\/International\/wp-json\/wp\/v2\/posts\/89225\/revisions"}],"wp:attachment":[{"href":"https:\/\/linitiative.ca\/International\/wp-json\/wp\/v2\/media?parent=89225"}],"wp:term":[{"taxonomy":"category","embeddable":true,"href":"https:\/\/linitiative.ca\/International\/wp-json\/wp\/v2\/categories?post=89225"},{"taxonomy":"post_tag","embeddable":true,"href":"https:\/\/linitiative.ca\/International\/wp-json\/wp\/v2\/tags?post=89225"}],"curies":[{"name":"wp","href":"https:\/\/api.w.org\/{rel}","templated":true}]}}