{"id":89229,"date":"2020-06-16T17:18:11","date_gmt":"2020-06-16T21:18:11","guid":{"rendered":"https:\/\/linitiative.ca\/International\/nord-ivoirien-lincident-de-gbeya-du-a-des-represailles-de-civils-contre-des-soldats-depute\/"},"modified":"2020-06-16T17:18:11","modified_gmt":"2020-06-16T21:18:11","slug":"nord-ivoirien-lincident-de-gbeya-du-a-des-represailles-de-civils-contre-des-soldats-depute","status":"publish","type":"post","link":"https:\/\/linitiative.ca\/International\/nord-ivoirien-lincident-de-gbeya-du-a-des-represailles-de-civils-contre-des-soldats-depute\/","title":{"rendered":"Nord-ivoirien: l\u2019incident de Gb\u00e9ya, d\u00fb \u00e0 des repr\u00e9sailles de civils contre des soldats (d\u00e9put\u00e9)"},"content":{"rendered":"<div readability=\"32\">\n<p>Publi\u00e9 le 16.06.2020 \u00e0 22h18 par APA News<\/p>\n<\/div>\n<div readability=\"134\">\n<p>L\u2019incident survenu \u00e0 Gbeya (nord ivoirien), ayant notamment fait deux soldats bless\u00e9s, n\u2019est pas une attaque d\u2019un poste avanc\u00e9 de l\u2019arm\u00e9e, mais un acte de repr\u00e9sailles d\u2019autochtones, explique \u00e0 APA le d\u00e9put\u00e9 de Minignan-Kaniasso, Karim Kouyat\u00e9, rendant \u00ab hommage aux guides religieux sur place qui ont \u0153uvr\u00e9 avec leur sens de sagesse pour faire baisser la tension \u00bb.Selon M. Karim Kouyat\u00e9, l\u2019incident \u00e0 Gb\u00e9ya, \u00e0 la fronti\u00e8re de la C\u00f4te d\u2019Ivoire avec le Mali, est en \u00abr\u00e9alit\u00e9, un \u00e9v\u00e9nement qui est tr\u00e8s isol\u00e9 \u00bb. Des relais ont notamment fait penser \u00e0 un nouvel assaut sur un poste de l\u2019arm\u00e9e, \u00e0 la suite de l\u2019attaque terroriste \u00e0 Kafolo.<\/p>\n<p>\u00ab Il s\u2019agit en r\u00e9alit\u00e9 de deux agents de contr\u00f4le, un militaire et un gendarme qui avaient l\u2019habitude de faire des contr\u00f4les de routine \u00e0 un poste qui leur \u00e9tait d\u00e9di\u00e9 \u00bb, mais, malheureusement, ces derniers ont fait un contr\u00f4le en dehors de leur aire de pr\u00e9dilection, ce qui a d\u00e9g\u00e9n\u00e9r\u00e9.\u00a0<\/p>\n<p>Alors qu\u2019ils empruntaient une piste villageoise, les deux soldats, auraient au cours de leur contr\u00f4le, \u00abarr\u00eat\u00e9 un jeune qui serait le fils du chef du village sur lequel ils auraient retrouv\u00e9 quelques objets prohib\u00e9s \u00bb.<\/p>\n<p>Et, pour l\u2019intimider, pendant l\u2019interpellation, \u00a0ils auraient tir\u00e9 en l\u2019air pour l\u2019immobiliser. Suite \u00e0 cela, dans la panique, \u00a0ce dernier leur aurait donn\u00e9 tout ce qu\u2019il avait sur lui, rapporte le d\u00e9put\u00e9 ivoirien Karim Kouyat\u00e9.<\/p>\n<p>A son retour au village, ce jeune aurait racont\u00e9 aux siens comme quoi il aurait \u00e9t\u00e9 arr\u00eat\u00e9 et d\u00e9pouill\u00e9 de tout ce qu\u2019il avait comme bien, accusant le gendarme et le militaire. Ensuite, \u00ab les jeunes, en riposte, sont venus au vrai poste de contr\u00f4le et auraient tir\u00e9 sur les agents avec des fusils de chasse \u00bb.\u00a0<\/p>\n<p>\u00ab C\u2019est \u00e0 la riposte de ces jeunes face \u00e0 ces deux agents \u00bb qu\u2019est survenu l\u2019incident, insiste le d\u00e9put\u00e9 ivoirien, qui soutient qu\u2019 \u00ab il ne s\u2019agit pas de djihadiste, ni d\u2019une attaque terroriste, ni d\u2019un braquage, mais en r\u00e9alit\u00e9 c\u2019est une riposte des jeunes face \u00e0 ces deux agents \u00bb.<\/p>\n<p>Deux soldats ivoiriens ont \u00e9t\u00e9 bless\u00e9s dans une embuscade \u00a0dans le nord du pays, notamment \u00e0 Gb\u00e9ya (sous-pr\u00e9fecture de Maradiana-Sokourani), o\u00f9 des individus non identifi\u00e9s ont ouvert le feu sur des forces de d\u00e9fense. \u00a0<\/p>\n<p>L\u2019incident est survenu le \u00ab jeudi 11 juin 2020 \u00e0 20h45 mn, (o\u00f9 ) des individus non identifi\u00e9s ont ouvert le feu \u00e0 l\u2019aide d\u2019armes calibre 12 depuis les broussailles, sur les forces de d\u00e9fense et de s\u00e9curit\u00e9 au poste avanc\u00e9 de Gb\u00e9ya (S\/P \u00a0Maradiana-Sokourani) \u00bb, dans le d\u00e9partement de Kaniasso.<\/p>\n<p>Le bilan faisait \u00e9tat de \u00a0deux bless\u00e9s. L\u2019un des soldats, notamment le militaire, a \u00e9t\u00e9 bless\u00e9 au dos et \u00e0 la t\u00eate, tandis que le second, a re\u00e7u des impacts au dos, \u00e0 l\u2019\u00e9paule droite, au bas-ventre et au front. Cependant, leur pronostic vital n\u2019\u00e9tait pas engag\u00e9.\u00a0<\/p>\n<p>Les autorit\u00e9s militaires ont r\u00e9agi, prenant des mesures urgentes, pour sauver la vie des bless\u00e9s, qui ont \u00e9t\u00e9 pris en charge au centre de sant\u00e9 de Gb\u00e9ya pour les premiers soins, avant leur \u00e9vacuation \u00e0 Odienn\u00e9.\u00a0<\/p>\n<p>Cet incident est survenu au lendemain d\u2019une attaque terroriste \u00e0 Kafolo (Nord-Est ivoirien), aux environs de 3h, ayant vis\u00e9 le poste mixte arm\u00e9e-gendarmerie de Kofolo (sous-pr\u00e9fecture de Sikolo), et fait une dizaine de morts, six bless\u00e9s et un assaillant tu\u00e9.<\/p>\n<\/div>\n<p>Auteur: APA News<br \/>\n<a href=\"https:\/\/www.journalducameroun.com\/nord-ivoirien-lincident-de-gbeya-du-a-des-represailles-de-civils-contre-des-soldats-depute\/\">Cliquez ici pour lire l&rsquo;article depuis sa source.<\/a><\/p>\n","protected":false},"excerpt":{"rendered":"<p>Publi\u00e9 le 16.06.2020 \u00e0 22h18 par APA News L\u2019incident survenu \u00e0 Gbeya (nord ivoirien), ayant notamment fait deux soldats bless\u00e9s, n\u2019est pas une attaque d\u2019un poste avanc\u00e9 de l\u2019arm\u00e9e, mais un acte de repr\u00e9sailles d\u2019autochtones, explique \u00e0 APA le d\u00e9put\u00e9 de Minignan-Kaniasso, Karim Kouyat\u00e9, rendant \u00ab hommage aux guides religieux sur place qui ont \u0153uvr\u00e9 [&hellip;]<\/p>\n","protected":false},"author":1965,"featured_media":0,"comment_status":"closed","ping_status":"closed","sticky":false,"template":"","format":"standard","meta":{"fifu_image_url":"","fifu_image_alt":"","footnotes":""},"categories":[73,82],"tags":[],"class_list":["post-89229","post","type-post","status-publish","format-standard","hentry","category-actualite","category-cameroun"],"_links":{"self":[{"href":"https:\/\/linitiative.ca\/International\/wp-json\/wp\/v2\/posts\/89229","targetHints":{"allow":["GET"]}}],"collection":[{"href":"https:\/\/linitiative.ca\/International\/wp-json\/wp\/v2\/posts"}],"about":[{"href":"https:\/\/linitiative.ca\/International\/wp-json\/wp\/v2\/types\/post"}],"author":[{"embeddable":true,"href":"https:\/\/linitiative.ca\/International\/wp-json\/wp\/v2\/users\/1965"}],"replies":[{"embeddable":true,"href":"https:\/\/linitiative.ca\/International\/wp-json\/wp\/v2\/comments?post=89229"}],"version-history":[{"count":0,"href":"https:\/\/linitiative.ca\/International\/wp-json\/wp\/v2\/posts\/89229\/revisions"}],"wp:attachment":[{"href":"https:\/\/linitiative.ca\/International\/wp-json\/wp\/v2\/media?parent=89229"}],"wp:term":[{"taxonomy":"category","embeddable":true,"href":"https:\/\/linitiative.ca\/International\/wp-json\/wp\/v2\/categories?post=89229"},{"taxonomy":"post_tag","embeddable":true,"href":"https:\/\/linitiative.ca\/International\/wp-json\/wp\/v2\/tags?post=89229"}],"curies":[{"name":"wp","href":"https:\/\/api.w.org\/{rel}","templated":true}]}}