{"id":89235,"date":"2020-06-17T10:18:35","date_gmt":"2020-06-17T14:18:35","guid":{"rendered":"https:\/\/linitiative.ca\/International\/acquisition-de-tests-de-diagnostic-de-covid-19-dont-la-date-de-validite-aurait-expire-le-ministere-de-la-sante-dement\/"},"modified":"2020-06-17T10:18:35","modified_gmt":"2020-06-17T14:18:35","slug":"acquisition-de-tests-de-diagnostic-de-covid-19-dont-la-date-de-validite-aurait-expire-le-ministere-de-la-sante-dement","status":"publish","type":"post","link":"https:\/\/linitiative.ca\/International\/acquisition-de-tests-de-diagnostic-de-covid-19-dont-la-date-de-validite-aurait-expire-le-ministere-de-la-sante-dement\/","title":{"rendered":"Acquisition de tests de diagnostic de Covid-19 dont la date de validit\u00e9 aurait expir\u00e9 : Le minist\u00e8re de la sant\u00e9 d\u00e9ment"},"content":{"rendered":"<header>\n<\/header>\n<div class=\"entry-content clearfix\" readability=\"53\"><img decoding=\"async\" class=\"post_layout_5_img\" src=\"http:\/\/aujourdhui.ma\/wp-content\/uploads\/2017\/01\/Ministere-Sante-maroc.jpg\" alt=\"Acquisition de tests de diagnostic de Covid-19 dont la date de validit&#xE9; aurait expir&#xE9; : Le minist&#xE8;re de la sant&#xE9; d&#xE9;ment\"\/><\/p>\n<p><span class=\"c5\"><strong>Le minist\u00e8re de la sant\u00e9 a cat\u00e9goriquement d\u00e9menti, mercredi, les all\u00e9gations sur l\u2019acquisition de tests de diagnostic rapide du coronavirus dont la date de validit\u00e9 aurait expir\u00e9.<\/strong><\/span><br \/><span class=\"c6\"><span id=\"more-347894\"\/><\/span><\/p>\n<p>Dans un communiqu\u00e9 en r\u00e9ponse \u00e0 des informations rapport\u00e9es par un journal sur l\u2019achat d\u2019\u00e9quipements et de tests de diagnostic rapide de Covid-19, le d\u00e9partement a soulign\u00e9 que l\u2019article renferme de fausses informations visant \u00e0 induire en erreur l\u2019opinion publique par rapport \u00e0 la date d\u2019expiration des tests en question.<\/p>\n<p>Le minist\u00e8re a pr\u00e9cis\u00e9 que l\u2019acquisition de ces tests s\u00e9rologiques de haute qualit\u00e9, conformes aux normes internationales en la mati\u00e8re, s\u2019est d\u00e9roul\u00e9e selon un programme qui tient compte de la date de leur expiration comprise entre trois mois et un an au moment de leur r\u00e9ception.<\/p>\n<p>Qualifiant d\u2019infond\u00e9es les all\u00e9gations du journal, le minist\u00e8re a affirm\u00e9 qu\u2019il s\u2019agit \u00ab\u00a0d\u2019une tentative de minimiser les grands efforts d\u00e9ploy\u00e9s par le d\u00e9partement afin d\u2019endiguer la pand\u00e9mie du coronavirus\u00a0\u00bb et a d\u00e9nonc\u00e9 les \u00ab\u00a0graves accusations \u00e0 l\u2019\u00e9gard de ses cadres\u00a0\u00bb.<\/p>\n<\/div>\n<p>Auteur: ALM<br \/>\n<a href=\"https:\/\/aujourdhui.ma\/societe\/acquisition-de-tests-de-diagnostic-de-covid-19-dont-la-date-de-validite-aurait-expire-le-ministere-de-la-sante-dement\">Cliquez ici pour lire l&rsquo;article depuis sa source.<\/a><\/p>\n","protected":false},"excerpt":{"rendered":"<p>Le minist\u00e8re de la sant\u00e9 a cat\u00e9goriquement d\u00e9menti, mercredi, les all\u00e9gations sur l\u2019acquisition de tests de diagnostic rapide du coronavirus dont la date de validit\u00e9 aurait expir\u00e9. Dans un communiqu\u00e9 en r\u00e9ponse \u00e0 des informations rapport\u00e9es par un journal sur l\u2019achat d\u2019\u00e9quipements et de tests de diagnostic rapide de Covid-19, le d\u00e9partement a soulign\u00e9 que [&hellip;]<\/p>\n","protected":false},"author":1759,"featured_media":89236,"comment_status":"closed","ping_status":"closed","sticky":false,"template":"","format":"standard","meta":{"fifu_image_url":"","fifu_image_alt":"","footnotes":""},"categories":[73,54],"tags":[],"class_list":["post-89235","post","type-post","status-publish","format-standard","has-post-thumbnail","hentry","category-actualite","category-maroc"],"_links":{"self":[{"href":"https:\/\/linitiative.ca\/International\/wp-json\/wp\/v2\/posts\/89235","targetHints":{"allow":["GET"]}}],"collection":[{"href":"https:\/\/linitiative.ca\/International\/wp-json\/wp\/v2\/posts"}],"about":[{"href":"https:\/\/linitiative.ca\/International\/wp-json\/wp\/v2\/types\/post"}],"author":[{"embeddable":true,"href":"https:\/\/linitiative.ca\/International\/wp-json\/wp\/v2\/users\/1759"}],"replies":[{"embeddable":true,"href":"https:\/\/linitiative.ca\/International\/wp-json\/wp\/v2\/comments?post=89235"}],"version-history":[{"count":0,"href":"https:\/\/linitiative.ca\/International\/wp-json\/wp\/v2\/posts\/89235\/revisions"}],"wp:featuredmedia":[{"embeddable":true,"href":"https:\/\/linitiative.ca\/International\/wp-json\/"}],"wp:attachment":[{"href":"https:\/\/linitiative.ca\/International\/wp-json\/wp\/v2\/media?parent=89235"}],"wp:term":[{"taxonomy":"category","embeddable":true,"href":"https:\/\/linitiative.ca\/International\/wp-json\/wp\/v2\/categories?post=89235"},{"taxonomy":"post_tag","embeddable":true,"href":"https:\/\/linitiative.ca\/International\/wp-json\/wp\/v2\/tags?post=89235"}],"curies":[{"name":"wp","href":"https:\/\/api.w.org\/{rel}","templated":true}]}}