{"id":89237,"date":"2020-06-17T10:49:13","date_gmt":"2020-06-17T14:49:13","guid":{"rendered":"https:\/\/linitiative.ca\/International\/circulaire-les-administrations-appelees-a-respecter-le-droit-dacces-a-linformation\/"},"modified":"2020-06-17T10:49:13","modified_gmt":"2020-06-17T14:49:13","slug":"circulaire-les-administrations-appelees-a-respecter-le-droit-dacces-a-linformation","status":"publish","type":"post","link":"https:\/\/linitiative.ca\/International\/circulaire-les-administrations-appelees-a-respecter-le-droit-dacces-a-linformation\/","title":{"rendered":"Circulaire :  Les administrations appel\u00e9es \u00e0 respecter le droit d\u2019acc\u00e8s  \u00e0 l\u2019information"},"content":{"rendered":"<p><img decoding=\"async\" class=\"post_layout_5_img\" src=\"http:\/\/aujourdhui.ma\/wp-content\/uploads\/2017\/06\/mouqataa-Administration-public.jpg\" alt=\"Circulaire : Les administrations appel&#xE9;es &#xE0; respecter le droit d&#x2019;acc&#xE8;s &#xE0; l&#x2019;information\"\/><\/p>\n<p><span class=\"c6\"><span class=\"c5\"><strong>Dans une circulaire dat\u00e9e du 17 juin 2020, Mohamed Benchaaboun, ministre de l\u2019\u00e9conomie, des finances et de la r\u00e9forme de l\u2019administration, invite les administrations \u00e0 se conformer aux dispositions de la loi n\u00b031.13 relatives au droit d\u2019acc\u00e8s \u00e0 l\u2019information.<\/strong><\/span> <span id=\"more-347904\"\/><\/span><\/p>\n<p>Cet acte administratif fixe les proc\u00e9dures et les mesures que ces entit\u00e9s doivent respecter pour la mise en \u0153uvre de cette loi. Cela concerne la gestion des informations, la publication proactive, la r\u00e9ception et le traitement des demandes d\u2019informations, ainsi que la sensibilisation et l\u2019accompagnement. Pour ce faire, un guide relatif permettant de clarifier les dispositions de cette loi a \u00e9t\u00e9 \u00e9labor\u00e9.<\/p>\n<p>Ce dernier r\u00e9pond a des questions comme : Qu\u2019est-ce qu\u2019une information, qui peut la demander et \u00e0 qui, les modalit\u00e9s de demandes d\u2019information, les r\u00e8gles \u00e0 respecter lors de la r\u00e9utilisation de l\u2019information, les d\u00e9lais d\u2019obtention des informations, ou encore les voies de recours. Parall\u00e8lement, le d\u00e9partement de la r\u00e9forme de l\u2019administration a mis en place un portail d\u2019acc\u00e8s \u00e0 l\u2019information <strong><span class=\"c8\"><a class=\"c7\" href=\"http:\/\/www.chafafiya.ma\">www.chafafiya.ma<\/a><\/span><\/strong>. Cette plate-forme permet aux \u00abcharg\u00e9s de l\u2019information\u00bb d\u00e9sign\u00e9s par leurs administrations et institutions concern\u00e9es, de suivre, de traiter les demandes d\u2019informations et de r\u00e9pondre dans les d\u00e9lais impartis.<\/p>\n<p>Ce portail donne \u00e9galement la possibilit\u00e9 \u00e0 l\u2019utilisateur de suivre sa demande depuis le d\u00e9p\u00f4t jusqu\u2019\u00e0 la r\u00e9ception de sa r\u00e9ponse finale, et de recevoir des notifications \u00e0 chacune des \u00e9tapes. Dans la pratique, un r\u00e9seau des charg\u00e9s de l\u2019acc\u00e8s \u00e0 l\u2019information a \u00e9t\u00e9 mobilis\u00e9 sous la supervision du d\u00e9partement de la r\u00e9forme de l\u2019administration. Notons que la loi n\u00b0 31.13 sur le droit d\u2019acc\u00e8s \u00e0 l\u2019information est entr\u00e9e en vigueur de mani\u00e8re compl\u00e8te le 12 mars 2020, promulgu\u00e9e par Al-Dahir Al-Sharif n\u00b01.18.15 le 22 f\u00e9vrier 2018, et ce conform\u00e9ment \u00e0 l\u2019article 27 de la Constitution, qui stipule que les citoyennes et les citoyens ont le droit d\u2019acc\u00e9der \u00e0 l\u2019information d\u00e9tenue par l\u2019administration publique, les institutions \u00e9lues et les organismes charg\u00e9s du service public.<\/p>\n<p>Auteur: ALM<br \/>\n<a href=\"https:\/\/aujourdhui.ma\/actualite\/circulaire-les-administrations-appelees-a-respecter-le-droit-dacces-a-linformation\">Cliquez ici pour lire l&rsquo;article depuis sa source.<\/a><\/p>\n","protected":false},"excerpt":{"rendered":"<p>Dans une circulaire dat\u00e9e du 17 juin 2020, Mohamed Benchaaboun, ministre de l\u2019\u00e9conomie, des finances et de la r\u00e9forme de l\u2019administration, invite les administrations \u00e0 se conformer aux dispositions de la loi n\u00b031.13 relatives au droit d\u2019acc\u00e8s \u00e0 l\u2019information. Cet acte administratif fixe les proc\u00e9dures et les mesures que ces entit\u00e9s doivent respecter pour la [&hellip;]<\/p>\n","protected":false},"author":1759,"featured_media":89238,"comment_status":"closed","ping_status":"closed","sticky":false,"template":"","format":"standard","meta":{"fifu_image_url":"","fifu_image_alt":"","footnotes":""},"categories":[73,54],"tags":[],"class_list":["post-89237","post","type-post","status-publish","format-standard","has-post-thumbnail","hentry","category-actualite","category-maroc"],"_links":{"self":[{"href":"https:\/\/linitiative.ca\/International\/wp-json\/wp\/v2\/posts\/89237","targetHints":{"allow":["GET"]}}],"collection":[{"href":"https:\/\/linitiative.ca\/International\/wp-json\/wp\/v2\/posts"}],"about":[{"href":"https:\/\/linitiative.ca\/International\/wp-json\/wp\/v2\/types\/post"}],"author":[{"embeddable":true,"href":"https:\/\/linitiative.ca\/International\/wp-json\/wp\/v2\/users\/1759"}],"replies":[{"embeddable":true,"href":"https:\/\/linitiative.ca\/International\/wp-json\/wp\/v2\/comments?post=89237"}],"version-history":[{"count":0,"href":"https:\/\/linitiative.ca\/International\/wp-json\/wp\/v2\/posts\/89237\/revisions"}],"wp:featuredmedia":[{"embeddable":true,"href":"https:\/\/linitiative.ca\/International\/wp-json\/"}],"wp:attachment":[{"href":"https:\/\/linitiative.ca\/International\/wp-json\/wp\/v2\/media?parent=89237"}],"wp:term":[{"taxonomy":"category","embeddable":true,"href":"https:\/\/linitiative.ca\/International\/wp-json\/wp\/v2\/categories?post=89237"},{"taxonomy":"post_tag","embeddable":true,"href":"https:\/\/linitiative.ca\/International\/wp-json\/wp\/v2\/tags?post=89237"}],"curies":[{"name":"wp","href":"https:\/\/api.w.org\/{rel}","templated":true}]}}