{"id":89241,"date":"2020-06-17T11:18:48","date_gmt":"2020-06-17T15:18:48","guid":{"rendered":"https:\/\/linitiative.ca\/International\/apres-la-tempete-de-grele-survenue-dans-la-region-de-fes-meknes-voici-le-dispositif-dappui-aux-agriculteurs-touches\/"},"modified":"2020-06-17T11:18:48","modified_gmt":"2020-06-17T15:18:48","slug":"apres-la-tempete-de-grele-survenue-dans-la-region-de-fes-meknes-voici-le-dispositif-dappui-aux-agriculteurs-touches","status":"publish","type":"post","link":"https:\/\/linitiative.ca\/International\/apres-la-tempete-de-grele-survenue-dans-la-region-de-fes-meknes-voici-le-dispositif-dappui-aux-agriculteurs-touches\/","title":{"rendered":"Apr\u00e8s la temp\u00eate de gr\u00eale survenue dans la r\u00e9gion de F\u00e8s-Mekn\u00e8s : Voici le dispositif d\u2019appui aux agriculteurs touch\u00e9s"},"content":{"rendered":"<p><img decoding=\"async\" class=\"post_layout_5_img\" src=\"http:\/\/aujourdhui.ma\/wp-content\/uploads\/2020\/06\/Agriculture-tempe\u0302te-de-gre\u0302le.jpg\" alt=\"Apr&#xE8;s la temp&#xEA;te de gr&#xEA;le survenue dans la r&#xE9;gion de F&#xE8;s-Mekn&#xE8;s : Voici le dispositif d&#x2019;appui aux agriculteurs touch&#xE9;s\"\/><\/p>\n<p><span class=\"c6\"><span class=\"c5\"><strong>Mettre en place des mesures d\u2019att\u00e9nuation et d\u2019autres plus durables pour lutter contre les effets et les risques li\u00e9s au ph\u00e9nom\u00e8ne r\u00e9current de la gr\u00eale dans la r\u00e9gion.<\/strong><\/span><span id=\"more-347898\"\/><\/span><\/p>\n<p>C\u2019est la d\u00e9cision prise par le minist\u00e8re de l\u2019agriculture, de la p\u00eache maritime, du d\u00e9veloppement rural et des eaux et for\u00eats suite \u00e0 la temp\u00eate de gr\u00eale qui s\u2019est abattue le 6 juin sur la r\u00e9gion de F\u00e8s-Mekn\u00e8s. Ainsi, une s\u00e9rie de mesures ciblant cette r\u00e9gion a \u00e9t\u00e9 programm\u00e9e afin de r\u00e9habiliter les importants d\u00e9g\u00e2ts sur les cultures en place. La zone impact\u00e9e couvre 31 communes dans 8 provinces (Boulemane, El Hajeb, F\u00e8s, Ifrane, Mekn\u00e8s, Moulay Yacoub, Sefrou et Taza) portant la superficie totale \u00e0 19.665 ha.<\/p>\n<p><span class=\"c7\"><strong>Remplacement des arbres arrach\u00e9s et traitement d\u2019appui aux vergers d\u2019oliviers<\/strong><\/span><\/p>\n<p>Dans l\u2019imm\u00e9diat, des actions portant sur la r\u00e9habilitation des d\u00e9g\u00e2ts \u00e0 travers le remplacement des arbres arrach\u00e9s ou cass\u00e9s par l\u2019acquisition et distribution de plants au profit des agriculteurs touch\u00e9s (soit 100.000 plants) sont mises en place. A cela s\u2019ajoutent les traitements d\u2019appui aux vergers d\u2019olivier, de rosac\u00e9es et de mara\u00eechage. \u00abIl s\u2019agit de traitements par des produits cicatrisants et des produits contre les maladies fongiques et bact\u00e9riennes et les insectes pour prot\u00e9ger les blessures caus\u00e9es par les branches cass\u00e9es contre les infections et renforcer la capacit\u00e9 de reprise et les repousses des arbres pour les 2 prochaines saisons\u00bb, indique le minist\u00e8re.<\/p>\n<p><span class=\"c7\"><strong>R\u00e9vision de l\u2019offre assurance multirisque<\/strong><\/span><\/p>\n<p>Dans le cadre d\u2019actions plus durables, il a \u00e9t\u00e9 d\u00e9cid\u00e9 de renforcer et \u00e9tendre le r\u00e9seau de g\u00e9n\u00e9rateurs anti-gr\u00eale \u00e0 travers le doublement de l\u2019existant par l\u2019acquisition de 70 nouveaux g\u00e9n\u00e9rateurs pour \u00e9tendre le r\u00e9seau \u00e0 toute la zone \u00e0 risque de temp\u00eate. En effet, la derni\u00e8re temp\u00eate a touch\u00e9 de nouvelles zones ne faisant pas partie des couloirs habituels r\u00e9pertori\u00e9s \u00e0 risque. Sur le terrain, les filets anti-gr\u00eale seront davantage encourag\u00e9s en raison de leur efficacit\u00e9 dans la protection des vergers contre la gr\u00eale. \u00abDes actions d\u2019incitations am\u00e9lior\u00e9es au profit des agriculteurs pour l\u2019\u00e9quipement de leurs vergers arboricoles de ce type de filet \u00e0 travers une subvention am\u00e9lior\u00e9e ponctuelle adapt\u00e9e au co\u00fbt moyen actuel du march\u00e9, passant ainsi de 40 \u00e0 60%. Cette mesure sera mise en place pour une dur\u00e9e limit\u00e9e\u00bb, indique la m\u00eame source. Par ailleurs, le minist\u00e8re proc\u00e8de \u00e0 la r\u00e9vision de l\u2019offre d\u2019assurance multirisque actuelle en mettant en place un produit plus pointu et plus attractif avec des conditions am\u00e9lior\u00e9es, notamment pour les petits agriculteurs. Celles-ci proposent deux options : l\u2019une couvrant les co\u00fbts de production (hors r\u00e9colte), et l\u2019autre couvrant la moiti\u00e9 de ces co\u00fbts.<\/p>\n<div class=\"base-box mom_box_sc_custom mom_box_sc clear c9\" readability=\"23\">\n<p><span class=\"c8\"><strong>Charges financi\u00e8res pour les exploitations sinistr\u00e9es: report des \u00e9ch\u00e9ances de remboursement<\/strong><\/span><\/p>\n<p>Afin de pr\u00eater main forte aux agriculteurs des exploitations sinistr\u00e9s, le Groupe Cr\u00e9dit Agricole du Maroc a donn\u00e9 son accord pour mettre en place des mesures adapt\u00e9es qui visent d\u2019une part le report des \u00e9ch\u00e9ances de remboursement au profit des agriculteurs des communes sinistr\u00e9es ayant contract\u00e9 des cr\u00e9dits et d\u2019autre part d\u2019octroyer les facilit\u00e9s de financement pour la prochaine campagne agricole ciblant les agriculteurs sinistr\u00e9s.<\/p>\n<p>Notons que sur instruction de Sa Majest\u00e9 le Roi Mohammed VI, Aziz Akhannouch, ministre de l\u2019agriculture, de la p\u00eache maritime, du d\u00e9veloppement rural et des eaux et for\u00eats, s\u2019\u00e9tait rendu jeudi dernier \u00e0 plusieurs exploitations touch\u00e9es au niveau de la r\u00e9gion afin de constater l\u2019impact de ce sinistre et s\u2019entretenir avec les professionnels sur place.<\/p>\n<\/div>\n<p>Auteur: Ouchagour Leila<br \/>\n<a href=\"https:\/\/aujourdhui.ma\/economie\/apres-la-tempete-de-grele-survenue-dans-la-region-de-fes-meknes-voici-le-dispositif-dappui-aux-agriculteurs-touches\">Cliquez ici pour lire l&rsquo;article depuis sa source.<\/a><\/p>\n","protected":false},"excerpt":{"rendered":"<p>Mettre en place des mesures d\u2019att\u00e9nuation et d\u2019autres plus durables pour lutter contre les effets et les risques li\u00e9s au ph\u00e9nom\u00e8ne r\u00e9current de la gr\u00eale dans la r\u00e9gion. C\u2019est la d\u00e9cision prise par le minist\u00e8re de l\u2019agriculture, de la p\u00eache maritime, du d\u00e9veloppement rural et des eaux et for\u00eats suite \u00e0 la temp\u00eate de gr\u00eale [&hellip;]<\/p>\n","protected":false},"author":1759,"featured_media":89242,"comment_status":"closed","ping_status":"closed","sticky":false,"template":"","format":"standard","meta":{"fifu_image_url":"","fifu_image_alt":"","footnotes":""},"categories":[73,54],"tags":[],"class_list":["post-89241","post","type-post","status-publish","format-standard","has-post-thumbnail","hentry","category-actualite","category-maroc"],"_links":{"self":[{"href":"https:\/\/linitiative.ca\/International\/wp-json\/wp\/v2\/posts\/89241","targetHints":{"allow":["GET"]}}],"collection":[{"href":"https:\/\/linitiative.ca\/International\/wp-json\/wp\/v2\/posts"}],"about":[{"href":"https:\/\/linitiative.ca\/International\/wp-json\/wp\/v2\/types\/post"}],"author":[{"embeddable":true,"href":"https:\/\/linitiative.ca\/International\/wp-json\/wp\/v2\/users\/1759"}],"replies":[{"embeddable":true,"href":"https:\/\/linitiative.ca\/International\/wp-json\/wp\/v2\/comments?post=89241"}],"version-history":[{"count":0,"href":"https:\/\/linitiative.ca\/International\/wp-json\/wp\/v2\/posts\/89241\/revisions"}],"wp:featuredmedia":[{"embeddable":true,"href":"https:\/\/linitiative.ca\/International\/wp-json\/"}],"wp:attachment":[{"href":"https:\/\/linitiative.ca\/International\/wp-json\/wp\/v2\/media?parent=89241"}],"wp:term":[{"taxonomy":"category","embeddable":true,"href":"https:\/\/linitiative.ca\/International\/wp-json\/wp\/v2\/categories?post=89241"},{"taxonomy":"post_tag","embeddable":true,"href":"https:\/\/linitiative.ca\/International\/wp-json\/wp\/v2\/tags?post=89241"}],"curies":[{"name":"wp","href":"https:\/\/api.w.org\/{rel}","templated":true}]}}