{"id":89249,"date":"2020-06-17T09:20:45","date_gmt":"2020-06-17T13:20:45","guid":{"rendered":"https:\/\/linitiative.ca\/International\/selon-une-etude-du-pnud-un-taux-de-croissance-de-44-en-2020-pour-la-tunisie\/"},"modified":"2020-06-17T09:20:45","modified_gmt":"2020-06-17T13:20:45","slug":"selon-une-etude-du-pnud-un-taux-de-croissance-de-44-en-2020-pour-la-tunisie","status":"publish","type":"post","link":"https:\/\/linitiative.ca\/International\/selon-une-etude-du-pnud-un-taux-de-croissance-de-44-en-2020-pour-la-tunisie\/","title":{"rendered":"Selon une \u00e9tude du PNUD : Un taux de croissance de -4,4% en 2020 pour la Tunisie"},"content":{"rendered":"<p>Le taux de croissance serait de l\u2019ordre de -4,4% en 2020, suite \u00e0 la pand\u00e9mie du Covid-19, a fait ressortir une \u00e9tude sur l\u2019impact \u00e9conomique de la pand\u00e9mie du Covid-19 sur l\u2019\u00e9conomie tunisienne pour l\u2019ann\u00e9e 2020.<\/p>\n<p>\u00ab Ainsi, \u00e0 la lumi\u00e8re de cette \u00e9tude et par prudence, le gouvernement va pr\u00e9voir un taux de croissance de -6% ou de -7%, dans la loi de finances compl\u00e9mentaire 2020, contre un taux de croissance de 2,7% pr\u00e9vu initialement dans la LF 2020, a indiqu\u00e9 le ministre du d\u00e9veloppement, de l\u2019investissement et de la coop\u00e9ration internationale Selim Azzabi, lors d\u2019une conf\u00e9rence de presse tenue mercredi \u00e0 Tunis.<\/p>\n<p>Cette \u00e9tude a \u00e9t\u00e9 r\u00e9alis\u00e9e par le minist\u00e8re du d\u00e9veloppement, de l\u2019investissement et de la coop\u00e9ration internationale avec le Programme des nations unies pour le d\u00e9veloppement (PNUD).<\/p>\n<p>Cette \u00e9tude a pour objectif de mettre en place un programme de relance \u00e9conomique, afin de mieux faire face aux impacts de la pand\u00e9mie du COVID 19 aux niveaux \u00e9conomique et social et de bien pr\u00e9parer le plan de d\u00e9veloppement 2021- 2025.<\/p>\n<p>L\u2019\u00e9tude pr\u00e9voit \u00e9galement, une baisse de 4,9% de l\u2019investissement global et de 8% de la consommation des m\u00e9nages. Un recul de 8% est pr\u00e9vu pour les exportations et de 9,6% pour les importations.<\/p>\n<div class=\"wp-post-author-wrap wp-post-author-shortcode left\">\n<h3 class=\"awpa-title\"\/>\n<div class=\"wp-post-author\">\n<div class=\"awpa-img awpa-author-block square\"><a href=\"http:\/\/lexpertjournal.net\/fr\/?author=5\"><img loading=\"lazy\" decoding=\"async\" alt=\"\" src=\"http:\/\/0.gravatar.com\/avatar\/97f8e10a1c1125ba104a76514ee07b16?s=150&amp;d=mm&amp;r=g\" srcset=\"http:\/\/0.gravatar.com\/avatar\/97f8e10a1c1125ba104a76514ee07b16?s=300&amp;d=mm&amp;r=g 2x\" class=\"avatar avatar-150 photo\" height=\"150\" width=\"150\"\/><\/a><\/div>\n<\/div>\n<\/div>\n<aside class=\"mashsb-container mashsb-main mashsb-stretched\">\n<\/aside>\n<p>Auteur: L&rsquo;expert<br \/>\n<a href=\"http:\/\/lexpertjournal.net\/fr\/?p=15289\">Cliquez ici pour lire l&rsquo;article depuis sa source.<\/a><\/p>\n","protected":false},"excerpt":{"rendered":"<p>Le taux de croissance serait de l\u2019ordre de -4,4% en 2020, suite \u00e0 la pand\u00e9mie du Covid-19, a fait ressortir une \u00e9tude sur l\u2019impact \u00e9conomique de la pand\u00e9mie du Covid-19 sur l\u2019\u00e9conomie tunisienne pour l\u2019ann\u00e9e 2020. \u00ab Ainsi, \u00e0 la lumi\u00e8re de cette \u00e9tude et par prudence, le gouvernement va pr\u00e9voir un taux de croissance [&hellip;]<\/p>\n","protected":false},"author":1775,"featured_media":0,"comment_status":"closed","ping_status":"closed","sticky":false,"template":"","format":"standard","meta":{"fifu_image_url":"","fifu_image_alt":"","footnotes":""},"categories":[78,55],"tags":[],"class_list":["post-89249","post","type-post","status-publish","format-standard","hentry","category-economie","category-tunisie"],"_links":{"self":[{"href":"https:\/\/linitiative.ca\/International\/wp-json\/wp\/v2\/posts\/89249","targetHints":{"allow":["GET"]}}],"collection":[{"href":"https:\/\/linitiative.ca\/International\/wp-json\/wp\/v2\/posts"}],"about":[{"href":"https:\/\/linitiative.ca\/International\/wp-json\/wp\/v2\/types\/post"}],"author":[{"embeddable":true,"href":"https:\/\/linitiative.ca\/International\/wp-json\/wp\/v2\/users\/1775"}],"replies":[{"embeddable":true,"href":"https:\/\/linitiative.ca\/International\/wp-json\/wp\/v2\/comments?post=89249"}],"version-history":[{"count":0,"href":"https:\/\/linitiative.ca\/International\/wp-json\/wp\/v2\/posts\/89249\/revisions"}],"wp:attachment":[{"href":"https:\/\/linitiative.ca\/International\/wp-json\/wp\/v2\/media?parent=89249"}],"wp:term":[{"taxonomy":"category","embeddable":true,"href":"https:\/\/linitiative.ca\/International\/wp-json\/wp\/v2\/categories?post=89249"},{"taxonomy":"post_tag","embeddable":true,"href":"https:\/\/linitiative.ca\/International\/wp-json\/wp\/v2\/tags?post=89249"}],"curies":[{"name":"wp","href":"https:\/\/api.w.org\/{rel}","templated":true}]}}