{"id":89250,"date":"2020-06-17T09:26:09","date_gmt":"2020-06-17T13:26:09","guid":{"rendered":"https:\/\/linitiative.ca\/International\/cooperation-technique-prolongement-des-delais-de-paiement-a-la-cnam-pour-les-tre\/"},"modified":"2020-06-17T09:26:09","modified_gmt":"2020-06-17T13:26:09","slug":"cooperation-technique-prolongement-des-delais-de-paiement-a-la-cnam-pour-les-tre","status":"publish","type":"post","link":"https:\/\/linitiative.ca\/International\/cooperation-technique-prolongement-des-delais-de-paiement-a-la-cnam-pour-les-tre\/","title":{"rendered":"Coop\u00e9ration technique : Prolongement des d\u00e9lais de paiement \u00e0 la CNAM pour les TRE"},"content":{"rendered":"<p>La Caisse nationale d\u2019assurance maladie (CNAM) a d\u00e9cid\u00e9 de prolonger les d\u00e9lais de paiement des contributions impos\u00e9es aux agents publics d\u00e9tach\u00e9s \u00e0 l\u2019\u00e9tranger dans le cadre de la coop\u00e9ration technique au 30 septembre 2020 au lieu du 30 juin 2020.<\/p>\n<p>Selon un communiqu\u00e9 publi\u00e9 mercredi par la CNAM, cette d\u00e9cision a \u00e9t\u00e9 prise compte tenu des mesures de confinement prises dans les pays d\u2019accueil et l\u2019impossibilit\u00e9 du retour au pays.<\/p>\n<p>\u00ab Cette d\u00e9cision concerne \u00e9galement les agents publics travaillant \u00e0 l\u2019\u00e9tranger dont les contributions devaient \u00eatre pay\u00e9es le 31 mars 2020 \u00ab , ajoute le communiqu\u00e9.<\/p>\n<p>La CNAM appelle toute personne concern\u00e9e \u00e0 charger quelqu\u2019un qui la repr\u00e9senterait en Tunisie dans l\u2019un de ses bureaux afin de faire le n\u00e9cessaire, avant le 30 septembre 2020, et assurer le paiement des contributions au r\u00e9gime de s\u00e9curit\u00e9 sociale pour pr\u00e9server la continuit\u00e9 de sa carri\u00e8re professionnelle.<\/p>\n<div class=\"wp-post-author-wrap wp-post-author-shortcode left\">\n<h3 class=\"awpa-title\"\/>\n<div class=\"wp-post-author\">\n<div class=\"awpa-img awpa-author-block square\"><a href=\"http:\/\/lexpertjournal.net\/fr\/?author=5\"><img loading=\"lazy\" decoding=\"async\" alt=\"\" src=\"http:\/\/0.gravatar.com\/avatar\/97f8e10a1c1125ba104a76514ee07b16?s=150&amp;d=mm&amp;r=g\" srcset=\"http:\/\/0.gravatar.com\/avatar\/97f8e10a1c1125ba104a76514ee07b16?s=300&amp;d=mm&amp;r=g 2x\" class=\"avatar avatar-150 photo\" height=\"150\" width=\"150\"\/><\/a><\/div>\n<\/div>\n<\/div>\n<aside class=\"mashsb-container mashsb-main mashsb-stretched\">\n<\/aside>\n<p>Auteur: L&rsquo;expert<br \/>\n<a href=\"http:\/\/lexpertjournal.net\/fr\/?p=15293\">Cliquez ici pour lire l&rsquo;article depuis sa source.<\/a><\/p>\n","protected":false},"excerpt":{"rendered":"<p>La Caisse nationale d\u2019assurance maladie (CNAM) a d\u00e9cid\u00e9 de prolonger les d\u00e9lais de paiement des contributions impos\u00e9es aux agents publics d\u00e9tach\u00e9s \u00e0 l\u2019\u00e9tranger dans le cadre de la coop\u00e9ration technique au 30 septembre 2020 au lieu du 30 juin 2020. Selon un communiqu\u00e9 publi\u00e9 mercredi par la CNAM, cette d\u00e9cision a \u00e9t\u00e9 prise compte tenu [&hellip;]<\/p>\n","protected":false},"author":1775,"featured_media":0,"comment_status":"closed","ping_status":"closed","sticky":false,"template":"","format":"standard","meta":{"fifu_image_url":"","fifu_image_alt":"","footnotes":""},"categories":[78,55],"tags":[],"class_list":["post-89250","post","type-post","status-publish","format-standard","hentry","category-economie","category-tunisie"],"_links":{"self":[{"href":"https:\/\/linitiative.ca\/International\/wp-json\/wp\/v2\/posts\/89250","targetHints":{"allow":["GET"]}}],"collection":[{"href":"https:\/\/linitiative.ca\/International\/wp-json\/wp\/v2\/posts"}],"about":[{"href":"https:\/\/linitiative.ca\/International\/wp-json\/wp\/v2\/types\/post"}],"author":[{"embeddable":true,"href":"https:\/\/linitiative.ca\/International\/wp-json\/wp\/v2\/users\/1775"}],"replies":[{"embeddable":true,"href":"https:\/\/linitiative.ca\/International\/wp-json\/wp\/v2\/comments?post=89250"}],"version-history":[{"count":0,"href":"https:\/\/linitiative.ca\/International\/wp-json\/wp\/v2\/posts\/89250\/revisions"}],"wp:attachment":[{"href":"https:\/\/linitiative.ca\/International\/wp-json\/wp\/v2\/media?parent=89250"}],"wp:term":[{"taxonomy":"category","embeddable":true,"href":"https:\/\/linitiative.ca\/International\/wp-json\/wp\/v2\/categories?post=89250"},{"taxonomy":"post_tag","embeddable":true,"href":"https:\/\/linitiative.ca\/International\/wp-json\/wp\/v2\/tags?post=89250"}],"curies":[{"name":"wp","href":"https:\/\/api.w.org\/{rel}","templated":true}]}}