{"id":89251,"date":"2020-06-17T09:30:41","date_gmt":"2020-06-17T13:30:41","guid":{"rendered":"https:\/\/linitiative.ca\/International\/lutte-contre-le-covid-19-don-allemand-de-materiel-medical-a-lhopital-militaire-de-tunis\/"},"modified":"2020-06-17T09:30:41","modified_gmt":"2020-06-17T13:30:41","slug":"lutte-contre-le-covid-19-don-allemand-de-materiel-medical-a-lhopital-militaire-de-tunis","status":"publish","type":"post","link":"https:\/\/linitiative.ca\/International\/lutte-contre-le-covid-19-don-allemand-de-materiel-medical-a-lhopital-militaire-de-tunis\/","title":{"rendered":"Lutte contre le Covid-19 : Don allemand de mat\u00e9riel m\u00e9dical \u00e0 l\u2019h\u00f4pital militaire de Tunis"},"content":{"rendered":"<p>Un avion militaire allemand, charg\u00e9 de mat\u00e9riel m\u00e9dical a atterri, mercredi matin, \u00e0 l\u2019a\u00e9roport de Tunis Carthage.<\/p>\n<p>Il s\u2019agit d\u2019un don de mat\u00e9riel m\u00e9dical accord\u00e9 par le gouvernement f\u00e9d\u00e9ral allemand \u00e0 l\u2019h\u00f4pital militaire de Tunis dans le cadre de la coop\u00e9ration Tuniso-allemande en mati\u00e8re de lutte contre le Coronavirus.<\/p>\n<p>D\u2019une valeur estim\u00e9e \u00e0 80 mille euros (environ 256 mille dinars), ces aident consistent en 5000 unit\u00e9s de diagnostic de laboratoire (Diagnostic test kits), des appareils de d\u00e9pistage du Coronavirus et des unit\u00e9s de laboratoire.<\/p>\n<p>La c\u00e9r\u00e9monie de remise de ce don s\u2019est d\u00e9roul\u00e9e en pr\u00e9sence du chef de service de virologie \u00e0 l\u2019h\u00f4pital militaire de Tunis, colonel major Mohamed Ben Moussa et de l\u2019ambassadeur d\u2019Allemagne \u00e0 Tunis, Andreas Reinicke.<\/p>\n<p>Dans une d\u00e9claration \u00e0 l\u2019agence TAP, l\u2019ambassadeur allemand a indiqu\u00e9 que ce don repr\u00e9sente la 4\u00e8me mesure s\u2019inscrivant dans le cadre de la coop\u00e9ration entre les deux pays, depuis le d\u00e9but de la propagation de Coronavirus, au d\u00e9but de l\u2019ann\u00e9e en cours.<\/p>\n<p>Il a salu\u00e9 l\u2019exp\u00e9rience tunisienne en mati\u00e8re de lutte contre la propagation de la pand\u00e9mie, notamment le r\u00f4le de la soci\u00e9t\u00e9 civile dans la gestion de la crise li\u00e9e au COVID-19, pr\u00e9cisant que les actions communes entre la Tunisie et l\u2019Allemagne en mati\u00e8re de lutte contre la pand\u00e9mie s\u2019inscrivent dans le cadre du programme \u00ab s\u00fbret\u00e9 biologique et s\u00e9curit\u00e9 sanitaire \u00bb qui a d\u00e9marr\u00e9 depuis plusieurs ann\u00e9es.<\/p>\n<p>L\u2019Allemagne avait, r\u00e9cemment, remis un laboratoire mobile d\u2019analyses microbiologiques, au minist\u00e8re de la D\u00e9fense nationale ainsi qu\u2019un premier don de mat\u00e9riel m\u00e9dical au mois de mars dernier. La valeur globale des aides accord\u00e9es par l\u2019Allemagne aux services sanitaires tunisiens, depuis le d\u00e9but de la pand\u00e9mie, s\u2019\u00e9l\u00e8ve \u00e0 280 mille euros (environ 894 mille dinars), apprend-on dans un communiqu\u00e9 de presse de l\u2019ambassade d\u2019Allemagne \u00e0 Tunis.<\/p>\n<div class=\"wp-post-author-wrap wp-post-author-shortcode left\">\n<h3 class=\"awpa-title\"\/>\n<div class=\"wp-post-author\">\n<div class=\"awpa-img awpa-author-block square\"><a href=\"http:\/\/lexpertjournal.net\/fr\/?author=5\"><img loading=\"lazy\" decoding=\"async\" alt=\"\" src=\"http:\/\/0.gravatar.com\/avatar\/97f8e10a1c1125ba104a76514ee07b16?s=150&amp;d=mm&amp;r=g\" srcset=\"http:\/\/0.gravatar.com\/avatar\/97f8e10a1c1125ba104a76514ee07b16?s=300&amp;d=mm&amp;r=g 2x\" class=\"avatar avatar-150 photo\" height=\"150\" width=\"150\"\/><\/a><\/div>\n<\/div>\n<\/div>\n<aside class=\"mashsb-container mashsb-main mashsb-stretched\">\n<\/aside>\n<p>Auteur: L&rsquo;expert<br \/>\n<a href=\"http:\/\/lexpertjournal.net\/fr\/?p=15296\">Cliquez ici pour lire l&rsquo;article depuis sa source.<\/a><\/p>\n","protected":false},"excerpt":{"rendered":"<p>Un avion militaire allemand, charg\u00e9 de mat\u00e9riel m\u00e9dical a atterri, mercredi matin, \u00e0 l\u2019a\u00e9roport de Tunis Carthage. Il s\u2019agit d\u2019un don de mat\u00e9riel m\u00e9dical accord\u00e9 par le gouvernement f\u00e9d\u00e9ral allemand \u00e0 l\u2019h\u00f4pital militaire de Tunis dans le cadre de la coop\u00e9ration Tuniso-allemande en mati\u00e8re de lutte contre le Coronavirus. D\u2019une valeur estim\u00e9e \u00e0 80 mille [&hellip;]<\/p>\n","protected":false},"author":1775,"featured_media":0,"comment_status":"closed","ping_status":"closed","sticky":false,"template":"","format":"standard","meta":{"fifu_image_url":"","fifu_image_alt":"","footnotes":""},"categories":[78,55],"tags":[],"class_list":["post-89251","post","type-post","status-publish","format-standard","hentry","category-economie","category-tunisie"],"_links":{"self":[{"href":"https:\/\/linitiative.ca\/International\/wp-json\/wp\/v2\/posts\/89251","targetHints":{"allow":["GET"]}}],"collection":[{"href":"https:\/\/linitiative.ca\/International\/wp-json\/wp\/v2\/posts"}],"about":[{"href":"https:\/\/linitiative.ca\/International\/wp-json\/wp\/v2\/types\/post"}],"author":[{"embeddable":true,"href":"https:\/\/linitiative.ca\/International\/wp-json\/wp\/v2\/users\/1775"}],"replies":[{"embeddable":true,"href":"https:\/\/linitiative.ca\/International\/wp-json\/wp\/v2\/comments?post=89251"}],"version-history":[{"count":0,"href":"https:\/\/linitiative.ca\/International\/wp-json\/wp\/v2\/posts\/89251\/revisions"}],"wp:attachment":[{"href":"https:\/\/linitiative.ca\/International\/wp-json\/wp\/v2\/media?parent=89251"}],"wp:term":[{"taxonomy":"category","embeddable":true,"href":"https:\/\/linitiative.ca\/International\/wp-json\/wp\/v2\/categories?post=89251"},{"taxonomy":"post_tag","embeddable":true,"href":"https:\/\/linitiative.ca\/International\/wp-json\/wp\/v2\/tags?post=89251"}],"curies":[{"name":"wp","href":"https:\/\/api.w.org\/{rel}","templated":true}]}}